{"id":825,"date":"2025-08-10T22:34:58","date_gmt":"2025-08-11T01:34:58","guid":{"rendered":"https:\/\/fau.unt.edu.ar\/fau\/?p=825"},"modified":"2025-08-27T10:30:10","modified_gmt":"2025-08-27T13:30:10","slug":"coordinaciones","status":"publish","type":"post","link":"https:\/\/fau.unt.edu.ar\/fau\/coordinaciones\/","title":{"rendered":"Coordinaciones"},"content":{"rendered":"<h1 class=\"title\">Areas de Apoyo a la Gesti\u00f3n<\/h1>\n<p>La nueva conducci\u00f3n de la facultad, iniciada en Mayo de 2018, realiz\u00f3 una serie de cambios en la estructura de funcionamiento de la unidad acad\u00e9mica, creando tres nuevas \u00e1reas, la\u00a0<strong>Unidad de Infraestructura y Log\u00edstica<\/strong>\u00a0y el\u00a0<strong>\u00c1rea de Gesti\u00f3n de Concursos<\/strong>\u00a0y\u00a0<strong>de Convenios<\/strong>, bajo la dependencia del Decanato y las\u00a0<strong>\u00c1reas de Medios Audiovisuales<\/strong>\u00a0y de\u00a0<strong>Comunicaci\u00f3n Institucional<\/strong>\u00a0bajo la dependencia del Vicedecanato,<\/p>\n<p>A trav\u00e9s de estas nuevas coordinaciones se intentan fortalecer actividades fundamentales para el funcionamiento acad\u00e9mico, administrativo, del espacio f\u00edsico y de la comunicaci\u00f3n institucional interna y externa.<\/p>\n<hr \/>\n<h4>Unidad de Infraestructura y Log\u00edstica<\/h4>\n<p>Esta \u00e1rea se crea\u00a0 los efectos de eficientizar, modernizar y agilizar las actividades aprovechando al m\u00e1ximo los recursos humanos y log\u00edsticos disponibles.<br \/>\nLa UIL depende directamente del Decanato y est\u00e1 conformada por las siguientes coordinaciones:<\/p>\n<ul>\n<li><strong>Coordinaci\u00f3n de Mantenimiento Edilicio<\/strong><\/li>\n<\/ul>\n<p>El objetivo de la coordinaci\u00f3n es organizar y llevar adelante las tareas necesarias para el mantenimiento y el mejoramiento del espacio f\u00edsico interior y exterior de la facultad, buscando optimizar el desarrollo de actividades acad\u00e9micas y administrativas.<\/p>\n<p>Responsable<strong>: Arqta.\u00a0 Mar\u00eda Emma Cuosso<\/strong><\/p>\n<ul>\n<li><strong>Coordinaci\u00f3n de la Optimizaci\u00f3n de los Recursos F\u00edsicos<\/strong><\/li>\n<\/ul>\n<p>El objetivo de la coordinaci\u00f3n es llevar adelante las tareas que permitan administrar y eficientizar el uso del espacio f\u00edsico para el mejor desarrollo de actividades acad\u00e9micas y administrativas, dentro de los l\u00edmites de la facultad.<\/p>\n<p>Responsable:\u00a0<strong>Arqta. F\u00e1tima Quipildor<\/strong><\/p>\n<ul>\n<li><strong>Coordinaci\u00f3n de Seguridad e Higiene<\/strong><\/li>\n<\/ul>\n<p>El objetivo de la coordinaci\u00f3n es llevar adelante las tareas relacionadas con la implementaci\u00f3n y el control de todas las normas y los protocolos de Seguridad e Higiene en todo el \u00e1mbito de la facultad.<\/p>\n<p>Responsable:\u00a0<strong>Arqta. Natalia G\u00e1lvez<\/strong><\/p>\n<hr \/>\n<h4>\u00c1rea de Gesti\u00f3n de Concursos y Convenios<\/h4>\n<p>El objetivo de la misma es por un lado organizar y promover concursos dentro de la facultad, buscando la participaci\u00f3n de estudiantes y docentes tutores como as\u00ed tambi\u00e9n buscar concursos nacionales e internacionales y promover la participaci\u00f3n en los mismos de estudiantes y docentes.<br \/>\nPor otro lado se busca gestionar y conseguir convenios con organismos p\u00fablicos o privados que permitan generar actividades acad\u00e9micas de impacto directo en el medio, realizadas desde las c\u00e1tedras de proyecto o desde las materias te\u00f3ricas y que involucren la participaci\u00f3n de alumnos y docentes.<\/p>\n<p>Responsables<strong>: Arq.\u00a0 Miguel Montecinos y Arqta.\u00a0 Liliana Ferrero<\/strong><\/p>\n<hr \/>\n<h4>\u00c1rea de Medios Audiovisuales<\/h4>\n<p>Esta \u00c1rea se crea con el objetivo de constituir un banco de im\u00e1genes fotogr\u00e1ficas y audiovisuales a partir de la sistematizaci\u00f3n de material existente, como as\u00ed tambi\u00e9n, de la producci\u00f3n de nuevas im\u00e1genes. Para nuestra instituci\u00f3n, es de car\u00e1cter prioritario, el poder contar con un reservorio de material visual y audiovisual, disponible para c\u00e1tedras e institutos, para las actividades de docencia e investigaci\u00f3n, como as\u00ed tambi\u00e9n para la consulta de alumnos. Esta \u00e1rea trabaja de manera coordinada con el \u00e1rea de Comunicaci\u00f3n Institucional, complementando el trabajo de producci\u00f3n de piezas de dise\u00f1o gr\u00e1fico y audiovisual, toda vez que la gesti\u00f3n de gobierno lo requiera.<\/p>\n<p>Las principales funciones son:<\/p>\n<ul>\n<li>Crear un archivo de im\u00e1genes fotogr\u00e1ficas y de im\u00e1genes audiovisuales, recuperando material preexistente de la FAU.<\/li>\n<li>Producir el material que la gesti\u00f3n de gobierno requiera, tanto visual como audiovisual.<\/li>\n<\/ul>\n<p>Responsables<strong>: Arqs. Gonzalo Patricio Romero y Gabriel Varsanyi<\/strong><\/p>\n<hr \/>\n<h4>\u00c1rea de Comunicaci\u00f3n Institucional<\/h4>\n<p>El \u00c1rea de Comunicaci\u00f3n Institucional, se crea con el objetivo de expandir y optimizar los canales internos de comunicaci\u00f3n entre sus diferentes actores (autoridades, docentes, estudiantes, personal administrativo y graduados), como as\u00ed tambi\u00e9n, renovar su imagen Institucional y fortalecer su presencia en los medios masivos de comunicaci\u00f3n, con la calidad y el profesionalismo que requiere una instituci\u00f3n rectora en el campo del dise\u00f1o.<\/p>\n<p>Las principales funciones son:<\/p>\n<ul>\n<li>Dise\u00f1o gr\u00e1fico, dise\u00f1o audiovisual, y la producci\u00f3n de todo el material que la gesti\u00f3n de gobierno requiera publicitar en los diferentes medios de comunicaci\u00f3n utilizados (impresiones, producciones digitales, videos, animaciones, audiovisuales, etc.)<\/li>\n<li>Dise\u00f1o gr\u00e1fico y editorial de las publicaciones encaradas por la instituci\u00f3n, y la gesti\u00f3n para la impresi\u00f3n de los mismos, buscando revalorizar la imprenta de la FAU.<\/li>\n<li>Gesti\u00f3n de las redes sociales asociadas a las cuentas oficiales de la gesti\u00f3n institucional (Facebook, Twitter, Instagram, etc.)<\/li>\n<li>Dise\u00f1o gr\u00e1fico del sitio web oficial de la FAU y de las interfaces p\u00fablicas de los sistemas de administraci\u00f3n de informaci\u00f3n (Siu Guaran\u00ed, Campus Virtual, Biblioteca, etc.), en coordinaci\u00f3n con el personal t\u00e9cnico afectado al desarrollo y mantenimiento de estos sistemas.<\/li>\n<li>Gesti\u00f3n de la red de comunicaci\u00f3n electr\u00f3nica de la FAU, a trav\u00e9s de las difusiones por listas de emails y wasap.<\/li>\n<\/ul>\n<p>Coordinador:\u00a0<strong>Lic. Sebasti\u00e1n Lorenzo Pisarello<\/strong><\/p>\n<p>Equipo de Trabajo<strong>: Ra\u00fal Madku<\/strong>r<\/p>\n","protected":false},"excerpt":{"rendered":"<p>Areas de Apoyo a la Gesti\u00f3n La nueva conducci\u00f3n de la facultad, iniciada en Mayo de 2018, realiz\u00f3 una serie de cambios en la estructura de funcionamiento de la unidad acad\u00e9mica, creando tres nuevas \u00e1reas, la\u00a0Unidad de Infraestructura y Log\u00edstica\u00a0y el\u00a0\u00c1rea de Gesti\u00f3n de Concursos\u00a0y\u00a0de Convenios, bajo la dependencia del Decanato y las\u00a0\u00c1reas de Medios [&hellip;]<\/p>\n","protected":false},"author":2,"featured_media":0,"comment_status":"closed","ping_status":"open","sticky":false,"template":"","format":"standard","meta":{"_uag_custom_page_level_css":"","footnotes":""},"categories":[33],"tags":[],"class_list":["post-825","post","type-post","status-publish","format-standard","hentry","category-institucional"],"uagb_featured_image_src":{"full":false,"thumbnail":false,"medium":false,"medium_large":false,"large":false,"1536x1536":false,"2048x2048":false,"320w":false,"480w":false,"800w":false},"uagb_author_info":{"display_name":"c2860607","author_link":"https:\/\/fau.unt.edu.ar\/fau\/author\/c2860607\/"},"uagb_comment_info":0,"uagb_excerpt":"Areas de Apoyo a la Gesti\u00f3n La nueva conducci\u00f3n de la facultad, iniciada en Mayo de 2018, realiz\u00f3 una serie de cambios en la estructura de funcionamiento de la unidad acad\u00e9mica, creando tres nuevas \u00e1reas, la\u00a0Unidad de Infraestructura y Log\u00edstica\u00a0y el\u00a0\u00c1rea de Gesti\u00f3n de Concursos\u00a0y\u00a0de Convenios, bajo la dependencia del Decanato y las\u00a0\u00c1reas de Medios&hellip;","_links":{"self":[{"href":"https:\/\/fau.unt.edu.ar\/fau\/wp-json\/wp\/v2\/posts\/825","targetHints":{"allow":["GET"]}}],"collection":[{"href":"https:\/\/fau.unt.edu.ar\/fau\/wp-json\/wp\/v2\/posts"}],"about":[{"href":"https:\/\/fau.unt.edu.ar\/fau\/wp-json\/wp\/v2\/types\/post"}],"author":[{"embeddable":true,"href":"https:\/\/fau.unt.edu.ar\/fau\/wp-json\/wp\/v2\/users\/2"}],"replies":[{"embeddable":true,"href":"https:\/\/fau.unt.edu.ar\/fau\/wp-json\/wp\/v2\/comments?post=825"}],"version-history":[{"count":3,"href":"https:\/\/fau.unt.edu.ar\/fau\/wp-json\/wp\/v2\/posts\/825\/revisions"}],"predecessor-version":[{"id":1736,"href":"https:\/\/fau.unt.edu.ar\/fau\/wp-json\/wp\/v2\/posts\/825\/revisions\/1736"}],"wp:attachment":[{"href":"https:\/\/fau.unt.edu.ar\/fau\/wp-json\/wp\/v2\/media?parent=825"}],"wp:term":[{"taxonomy":"category","embeddable":true,"href":"https:\/\/fau.unt.edu.ar\/fau\/wp-json\/wp\/v2\/categories?post=825"},{"taxonomy":"post_tag","embeddable":true,"href":"https:\/\/fau.unt.edu.ar\/fau\/wp-json\/wp\/v2\/tags?post=825"}],"curies":[{"name":"wp","href":"https:\/\/api.w.org\/{rel}","templated":true}]}}