{"id":803,"date":"2025-08-10T22:30:14","date_gmt":"2025-08-11T01:30:14","guid":{"rendered":"https:\/\/fau.unt.edu.ar\/fau\/?p=803"},"modified":"2025-08-11T23:02:38","modified_gmt":"2025-08-12T02:02:38","slug":"jardines-de-la-fau","status":"publish","type":"post","link":"https:\/\/fau.unt.edu.ar\/fau\/jardines-de-la-fau\/","title":{"rendered":"Jardines de la FAU"},"content":{"rendered":"<div id=\"attachment_7204\" class=\"wp-caption alignnone\">\n<p id=\"caption-attachment-7204\" class=\"wp-caption-text\"><strong>El Encuentro.\u00a0<\/strong>En 1982, bajo el decanato del Arq. Alberto Nicolini, fue cuando en la FAU se realizaron las primeras acciones concretas con criterio paisaj\u00edstico. El Arquitecto Paisajista Pradial Guti\u00e9rrez lleg\u00f3 a nuestra Facultad \u201cpara que en calidad de Profesor Visitante se hiciera cargo del dictado de un seminario sobre \u2018Proyecto de parquizaci\u00f3n de la Quinta Agron\u00f3mica\u2019, desde el 26 y hasta el 30 de abril\u201d (Res\/116 del 26 de abril de 1982. HCD \u2013 FAU \u2013 UNT). De las intervenciones que se concretaron perdura el espacio que conocemos como \u201cEl Anfiteatro\u201d, llamado hoy \u201cEl Encuentro\u201d, que se ubica en el acceso de la Facultad hacia el norte de la galer\u00eda, frente al actual comedor universitario. Aprovechando el desnivel existente en el terreno, se llev\u00f3 a cabo el movimiento de tierra con una m\u00e1quina topadora en una agitada y agradable ma\u00f1ana de sol y en un d\u00eda h\u00e1bil de clases, por lo que los alumnos y la comunidad de la Facultad pudieron observar el avance de las obras. La intervenci\u00f3n de Guti\u00e9rrez tambi\u00e9n incluy\u00f3 la plantaci\u00f3n de los dos palos borrachos (<em>Ceiba insignis<\/em>) que existen cercanos a la entrada del block. Ente los a\u00f1os 1994 y 2002 ocup\u00f3 el cargo de Decano, en dos per\u00edodos consecutivos, el Arq. Juan Carlos Duffy, quien convoc\u00f3 a los Decanos de las Facultades de la Quinta para realizar la plantaci\u00f3n de los Liquid\u00e1mbares (<em>Liquid\u00e1mbar sp.<\/em>) en torno al \u201canfiteatro\u201d que hab\u00eda realizado el Arq. Paisajista Guti\u00e9rrez. Participaron de la plantaci\u00f3n los Decanos de las Facultades de Agronom\u00eda y Zootecnia, de Ciencias Exactas y de Ciencias Econ\u00f3micas, de aqu\u00ed el nombre que lleva hoy de \u201cEl Encuentro\u201d.<br \/>\nUna an\u00e9cdota trasciende este acto y que es oportuno rescatar como parte del paisaje invisible de nuestra casa de estudios: bien terminada la plantaci\u00f3n, \u201cel Payo\u201d( como se conoc\u00eda amigablemente al Arq. Duffy) coment\u00f3: \u201cUn liquid\u00e1mbar est\u00e1 torcido, el tercero de la izquierda\u201d. Parad\u00f3jicamente lo hab\u00eda plantado el Decano de Agronom\u00eda, lo que fue motivo de bromas por largo tiempo. Con posterioridad, se mand\u00f3 a construir en el mismo \u00e1mbito el peque\u00f1o \u201cescenario\u201d semicircular adosado a la galer\u00eda.<\/p>\n<\/div>\n<div id=\"attachment_7206\" class=\"wp-caption alignnone\"><a href=\"https:\/\/www.fau.unt.edu.ar\/wp-content\/uploads\/2024\/05\/Espacio_Memoria_Verdad_Justicia2.jpg\"><img loading=\"lazy\" decoding=\"async\" class=\"wp-image-7206\" src=\"https:\/\/www.fau.unt.edu.ar\/wp-content\/uploads\/2024\/05\/Espacio_Memoria_Verdad_Justicia2.jpg\" alt=\"\" width=\"604\" height=\"805\" aria-describedby=\"caption-attachment-7206\" \/><\/a><\/p>\n<p id=\"caption-attachment-7206\" class=\"wp-caption-text\"><strong>Memoria, verdad y Justicia.<\/strong>\u00a0Esta bauhinia rosada (<em>Bauhinia variegata purpurea<\/em>) fue plantada ente los a\u00f1os 1994 y 2002, durante el decanato del Arq. Juan Carlos Duffy. Es la sobreviviente de dos ejemplares plantados en conmemoraci\u00f3n de estudiantes desaparecidos en la \u00e9poca de la dictadura militar y que en la actualidad trasciende como representaci\u00f3n de aquellas personas desaparecidas de todos los estamentos de nuestra comunidad. Este \u00e1rbol, adem\u00e1s de guardar la memoria, constituye, desde el punto de vista paisajista, un punto focal importante en el per\u00edodo de floraci\u00f3n que se produce entre los meses de agosto y septiembre.<\/p>\n<\/div>\n<div id=\"attachment_7219\" class=\"wp-caption alignnone\"><a href=\"https:\/\/www.fau.unt.edu.ar\/wp-content\/uploads\/2024\/06\/maestros-fau.jpg\"><img loading=\"lazy\" decoding=\"async\" class=\"wp-image-7219 \" src=\"https:\/\/www.fau.unt.edu.ar\/wp-content\/uploads\/2024\/06\/maestros-fau.jpg\" alt=\"\" width=\"605\" height=\"806\" aria-describedby=\"caption-attachment-7219\" \/><\/a><\/p>\n<p id=\"caption-attachment-7219\" class=\"wp-caption-text\"><strong>Maestros de la FAU.<\/strong>\u00a0A fines de 2014, en homenaje a los profesores arquitectos pioneros de la ense\u00f1anza de la arquitectura en nuestro medio, se impuls\u00f3 una plantaci\u00f3n de \u00e1rboles. Entre los reconocidos arquitectos se mencion\u00f3 a Jorge Vivanco, Horacio Caminos, Adolfo Cavagna y Eduardo Sacriste, entre varios otros. En esa oportunidad se realiz\u00f3 un acto donde participaron las autoridades de la Facultad, docentes y familiares de los maestros. El acto termin\u00f3 con un \u00e1gape en la galer\u00eda, cerca del acceso al block. Las especies plantadas fueron bauhinias blancas y rosadas, sumadas a la ya existente y m\u00e1s alejados hacia el este, dos hileras de lapachos, amarillos y rosados (Handroanthus sp.)<\/p>\n<\/div>\n<div id=\"attachment_7208\" class=\"wp-caption alignnone\"><a href=\"https:\/\/www.fau.unt.edu.ar\/wp-content\/uploads\/2024\/05\/Espacio_Los_Fresnos.jpg\"><img loading=\"lazy\" decoding=\"async\" class=\"wp-image-7208\" src=\"https:\/\/www.fau.unt.edu.ar\/wp-content\/uploads\/2024\/05\/Espacio_Los_Fresnos.jpg\" alt=\"\" width=\"618\" height=\"463\" aria-describedby=\"caption-attachment-7208\" \/><\/a><\/p>\n<p id=\"caption-attachment-7208\" class=\"wp-caption-text\"><strong>ESPACIO LOS FRESNOS.<\/strong>\u00a0(<em>Fraxinus pennsylvanica<\/em>; Marshall<strong>).\u00a0<\/strong>Entre 1994 y 2002, con posterioridad a la plantaci\u00f3n de las bauhinias blancas, y siempre dentro del prop\u00f3sito de promover la parquizaci\u00f3n de los predios vac\u00edos cercanos al block, se plant\u00f3 en el lado oeste del mismo un grupo de fresnos que en la actualidad conforman un lugar con fuerte valor paisaj\u00edstico. Fundamentalmente en oto\u00f1o ya que a fines del mes de abril y en mayo aportan un luminoso color amarillo oto\u00f1al con sus hojas. El Equipamiento con que cuenta en la actualidad, fue incluido en la primera mitad del a\u00f1o 2024, durante la gesti\u00f3n del Decano Dr. Arq. Juan Bautista Ramazzotti.<\/p>\n<\/div>\n<div id=\"attachment_7210\" class=\"wp-caption alignnone\"><a href=\"https:\/\/www.fau.unt.edu.ar\/wp-content\/uploads\/2024\/05\/Espacio_Bahuinias.jpg\"><img loading=\"lazy\" decoding=\"async\" class=\" wp-image-7210\" src=\"https:\/\/www.fau.unt.edu.ar\/wp-content\/uploads\/2024\/05\/Espacio_Bahuinias.jpg\" alt=\"\" width=\"624\" height=\"468\" aria-describedby=\"caption-attachment-7210\" \/><\/a><\/p>\n<p id=\"caption-attachment-7210\" class=\"wp-caption-text\"><strong>Espacio Bauhinias<\/strong>\u00a0(<em>Bauhinia variegata\u00a0<\/em>L.). Entre los a\u00f1os 1994 y 2002 ocup\u00f3 el cargo de Decano, en dos per\u00edodos consecutivos, el Arq. Juan Carlos Duffy. Durante su mandato, con la idea de desalentar las construcciones espontaneas en las \u00e1reas cercanas al block, se promovi\u00f3 la parquizaci\u00f3n de los predios vac\u00edos. No solo en los terrenos de la Facultad sino tambi\u00e9n en toda la Quinta Agron\u00f3mica (Centro Herrera actualmente). Durante este per\u00edodo se realizaron varias plantaciones de gran valor paisaj\u00edstico que perduran hasta la actualidad. Como parte de ese plan, el Arq. Jos\u00e9 Mes\u00f3n, Secretario de Posgrado, fue quien promovi\u00f3 la plantaci\u00f3n del\u00a0<em>bosquet<\/em>\u00a0de bauhinias con flores blancas. Este lugar hab\u00eda sido usado desde la primera mitad de 1970 como campo experimental y se hab\u00eda conformado originalmente ante la necesidad de investigar sobre los problemas surgidos de la crisis energ\u00e9tica mundial, producida en el primer lustro de esa d\u00e9cada. Tras la crisis, varios investigadores de nuestra casa de estudios se sumaron a proyectos que abordaban el tema de las energ\u00edas renovables. Tal es el caso del \u201cProyecto Nacional de Vivienda popular\u201d, que ten\u00eda varios nodos: Mendoza, Buenos aires, C\u00f3rdoba, y la FAU en Tucum\u00e1n como nodo principal, entre otros. El Equipamiento con que cuenta este espacio en la actualidad fue incluido en la primera mitad del a\u00f1o 2024, durante la gesti\u00f3n del Decano Dr. Arq. Juan Bautista Ramazzotti.<\/p>\n<\/div>\n<div id=\"attachment_7211\" class=\"wp-caption alignnone\"><a href=\"https:\/\/www.fau.unt.edu.ar\/wp-content\/uploads\/2024\/05\/Espacio_Aguaribay.jpg\"><img loading=\"lazy\" decoding=\"async\" class=\" wp-image-7211\" src=\"https:\/\/www.fau.unt.edu.ar\/wp-content\/uploads\/2024\/05\/Espacio_Aguaribay.jpg\" alt=\"\" width=\"610\" height=\"813\" aria-describedby=\"caption-attachment-7211\" \/><\/a><\/p>\n<p id=\"caption-attachment-7211\" class=\"wp-caption-text\"><strong>Espacio Aguaribay<\/strong>\u00a0(<em>Schinus areira<\/em>\u00a0L.) El 4 de junio de 2019, bajo el decanato del Dr. Arq. Juan Bautista Ramazzotti, el HCD de la FAU aprob\u00f3 por resoluci\u00f3n la presentaci\u00f3n que hab\u00eda hecho el Arq. Hugo El\u00edas Nallar, Secretario de Graduados, para la creaci\u00f3n del Consejo de Notables de la FAU. El Consejo se constitu\u00eda \u201ccomo un \u00f3rgano especial consultivo de las autoridades y miembros del gobierno para asesorar sobre pol\u00edticas de docencia, investigaci\u00f3n y extensi\u00f3n universitaria, as\u00ed como en la organizaci\u00f3n, coordinaci\u00f3n y dictado de cursos y\/o proyectos que coadyuven al mejoramiento de la calidad de la instituci\u00f3n en sus aspectos fundamentales\u201d. En octubre del mismo a\u00f1o se llev\u00f3 a cabo el acto de creaci\u00f3n y en esa oportunidad \u201cse descubri\u00f3 la placa del\u00a0Parque de los Notables\u00a0y se invit\u00f3 a los docentes a plantar \u00e1rboles, constituy\u00e9ndose as\u00ed, como un espacio conmemorativo que simboliza el esfuerzo colaborativo en la consolidaci\u00f3n hist\u00f3rica de nuestra instituci\u00f3n\u201d. Aqu\u00ed se plantaron 12 aguaribay, 5 cebiles colorados (<em>Anadenanthera colubrina<\/em>), 3 lapachos amarillos (<em>Handroanthus orchraceus<\/em>) y 2 tarcos (<em>Jacaranda mimosifolia<\/em>), entre otros a los alrededores. Con el devenir de la pandemia, varios de estos individuos se perdieron, principalmente una gran parte de los aguaribay; estos fueron replantados en 2021, en oportunidad de honrar a nuestros compa\u00f1eros de la FAU ca\u00eddos como consecuencia del COVID19. Este espacio, por lo tanto, tiene una fuerte connotaci\u00f3n simb\u00f3lica ya que guarda en la memoria una parte sensible de nuestra historia como instituci\u00f3n.<\/p>\n<\/div>\n<div id=\"attachment_7212\" class=\"wp-caption alignnone\"><a href=\"https:\/\/www.fau.unt.edu.ar\/wp-content\/uploads\/2024\/05\/Espacio_Liquidambar2.jpg\"><img loading=\"lazy\" decoding=\"async\" class=\" wp-image-7212\" src=\"https:\/\/www.fau.unt.edu.ar\/wp-content\/uploads\/2024\/05\/Espacio_Liquidambar2.jpg\" alt=\"\" width=\"605\" height=\"806\" aria-describedby=\"caption-attachment-7212\" \/><\/a><\/p>\n<p id=\"caption-attachment-7212\" class=\"wp-caption-text\"><strong>Espacio Liquid\u00e1mbar<\/strong><strong>\u00a0(<\/strong><em>Liquidambar styraciflua\u00a0<\/em>L.) En la primera mitad del 2010 se plantaron en este espacio los liquid\u00e1mbares y los fresnos (<em>Fraxinus pennsylvanica<\/em>) que hoy existen. Entre ellos, se encuentra uno de los tres lapachos amarillos (<em>Handroanthus orchraceus<\/em>) que se plantaron en diferentes sectores, en conmemoraci\u00f3n del arquitecto Jorge Naval. El Equipamiento con que cuenta en la actualidad fue incluido en la primera mitad del a\u00f1o 2024 durante la gesti\u00f3n del Decano Dr. Arq. Juan Bautista Ramazzotti.<\/p>\n<\/div>\n<p><strong>Textos:<\/strong>\u00a0<em>Mg. Arq. Oscar Chelela<\/em>\u00a0\u2013 Coordinador en el Tratamiento Paisaj\u00edstico de los espacios de la FAU<\/p>\n<p><strong>Fotos:\u00a0<\/strong>Gabriel Varsanyi, \u00c1rea Medios Audiovisuales (AMA) FAU<\/p>\n<p><em><strong>GESTI\u00d3N FAU-UNT 2022-2026<\/strong><\/em><\/p>\n<p><strong>Decano<\/strong>: Dr. Arq. Juan B. Ramazzotti<br \/>\n<strong>Vicedecana<\/strong>: Arq. Soledad Juli\u00e1<\/p>\n<p><em>ARTICULACI\u00d3N INSTITUCI\u00d3N\/EMPRESAS<\/em><\/p>\n<p><strong>Expreso San Jos\u00e9<\/strong>: Lic. F\u00e1tima Di Marco de Cangemi<br \/>\n<strong>\u00c1rea de Gesti\u00f3n de Concursos y Convenios FAU-UNT:<\/strong>\u00a0Arq. Miguel \u00c1ngel Montecinos<br \/>\n<strong>Secretaria de Gesti\u00f3n Administrativa FAU-UNT<\/strong>: Abog. Mar\u00eda de Lourdes Paliza<\/p>\n<p><em>DISE\u00d1O DE PAISAJE<\/em><\/p>\n<p><strong>Asesor de Tareas vinculadas con el dise\u00f1o y obras tendientes a la recualificaci\u00f3n de los espacios exteriores de la FAU-UNT:<\/strong>\u00a0Mg. Arq. Oscar Chelela<\/p>\n<p><em>DISE\u00d1O DE EQUIPAMIENTO<\/em><\/p>\n<p>Dr. Arq. Juan B. Ramazzotti<\/p>\n<p><em>DIRECCI\u00d3N T\u00c9CNICA Y PRODUCCI\u00d3N<\/em><\/p>\n<p><strong>Director del Laboratorio de elementos y materiales de edificios (LEME) FAU-UNT<\/strong>: Ing. Carlos Alderete<\/p>\n<p><em>MONTAJE<\/em><\/p>\n<p><strong>Coordinaci\u00f3n de mantenimiento edilicio FAU-UNT:<\/strong>\u00a0Arq. Mar\u00eda Emma Cuozzo- Arq. Lourdes Castellano<\/p>\n<p><em>COMUNICACI\u00d3N<\/em><\/p>\n<p><strong>\u00c1rea de Comunicaci\u00f3n Institucional FAU-UNT:<\/strong>\u00a0Lic. Sebasti\u00e1n Lorenzo Pisarello \u2013 Sr. Ra\u00fal Madkur<br \/>\n<strong>\u00c1rea de Medios Audiovisuales FAU-UNT<\/strong>: Arq. Gabriel Varsanyi \u2013 Arq. Gonzalo Romero<\/p>\n<p><em>EMPRESAS QUE AUSPICIARON EL ESPACIO<\/em><\/p>\n<p><a href=\"http:\/\/www.expresosanjose.com.ar\/\">http:\/\/www.expresosanjose.com.ar\/<\/a><br \/>\n<a href=\"https:\/\/www.ar.weber\/\">https:\/\/www.ar.weber\/<\/a><br \/>\n<a href=\"https:\/\/ceramicadelnorte.com\/\">https:\/\/ceramicadelnorte.com\/<\/a><br \/>\n<a href=\"https:\/\/www.lomanegra.com\/\">https:\/\/www.lomanegra.com\/<\/a><\/p>\n","protected":false},"excerpt":{"rendered":"<p>El Encuentro.\u00a0En 1982, bajo el decanato del Arq. Alberto Nicolini, fue cuando en la FAU se realizaron las primeras acciones concretas con criterio paisaj\u00edstico. El Arquitecto Paisajista Pradial Guti\u00e9rrez lleg\u00f3 a nuestra Facultad \u201cpara que en calidad de Profesor Visitante se hiciera cargo del dictado de un seminario sobre \u2018Proyecto de parquizaci\u00f3n de la Quinta [&hellip;]<\/p>\n","protected":false},"author":2,"featured_media":0,"comment_status":"closed","ping_status":"open","sticky":false,"template":"","format":"standard","meta":{"_uag_custom_page_level_css":"","footnotes":""},"categories":[33],"tags":[],"class_list":["post-803","post","type-post","status-publish","format-standard","hentry","category-institucional"],"uagb_featured_image_src":{"full":false,"thumbnail":false,"medium":false,"medium_large":false,"large":false,"1536x1536":false,"2048x2048":false,"320w":false,"480w":false,"800w":false},"uagb_author_info":{"display_name":"c2860607","author_link":"https:\/\/fau.unt.edu.ar\/fau\/author\/c2860607\/"},"uagb_comment_info":0,"uagb_excerpt":"El Encuentro.\u00a0En 1982, bajo el decanato del Arq. Alberto Nicolini, fue cuando en la FAU se realizaron las primeras acciones concretas con criterio paisaj\u00edstico. El Arquitecto Paisajista Pradial Guti\u00e9rrez lleg\u00f3 a nuestra Facultad \u201cpara que en calidad de Profesor Visitante se hiciera cargo del dictado de un seminario sobre \u2018Proyecto de parquizaci\u00f3n de la Quinta&hellip;","_links":{"self":[{"href":"https:\/\/fau.unt.edu.ar\/fau\/wp-json\/wp\/v2\/posts\/803","targetHints":{"allow":["GET"]}}],"collection":[{"href":"https:\/\/fau.unt.edu.ar\/fau\/wp-json\/wp\/v2\/posts"}],"about":[{"href":"https:\/\/fau.unt.edu.ar\/fau\/wp-json\/wp\/v2\/types\/post"}],"author":[{"embeddable":true,"href":"https:\/\/fau.unt.edu.ar\/fau\/wp-json\/wp\/v2\/users\/2"}],"replies":[{"embeddable":true,"href":"https:\/\/fau.unt.edu.ar\/fau\/wp-json\/wp\/v2\/comments?post=803"}],"version-history":[{"count":2,"href":"https:\/\/fau.unt.edu.ar\/fau\/wp-json\/wp\/v2\/posts\/803\/revisions"}],"predecessor-version":[{"id":1028,"href":"https:\/\/fau.unt.edu.ar\/fau\/wp-json\/wp\/v2\/posts\/803\/revisions\/1028"}],"wp:attachment":[{"href":"https:\/\/fau.unt.edu.ar\/fau\/wp-json\/wp\/v2\/media?parent=803"}],"wp:term":[{"taxonomy":"category","embeddable":true,"href":"https:\/\/fau.unt.edu.ar\/fau\/wp-json\/wp\/v2\/categories?post=803"},{"taxonomy":"post_tag","embeddable":true,"href":"https:\/\/fau.unt.edu.ar\/fau\/wp-json\/wp\/v2\/tags?post=803"}],"curies":[{"name":"wp","href":"https:\/\/api.w.org\/{rel}","templated":true}]}}