{"id":2033,"date":"2026-03-17T10:04:11","date_gmt":"2026-03-17T13:04:11","guid":{"rendered":"https:\/\/fau.unt.edu.ar\/fau\/?p=2033"},"modified":"2026-03-17T12:00:57","modified_gmt":"2026-03-17T15:00:57","slug":"presencias-huellas-de-la-memoria-en-la-fau","status":"publish","type":"post","link":"https:\/\/fau.unt.edu.ar\/fau\/presencias-huellas-de-la-memoria-en-la-fau\/","title":{"rendered":"PRESENCIAS | Huellas de la Memoria en la FAU"},"content":{"rendered":"<p dir=\"ltr\"><strong>Acto en conmemoraci\u00f3n de los 50 a\u00f1os del golpe de Estado del 24 de marzo de 1976. Viernes 20 de marzo, 10 horas, hall y espacios exteriores de la Facultad.\u00a0<\/strong><\/p>\n<p class=\"zfr3Q CDt4Ke \" dir=\"ltr\"><span class=\"C9DxTc \">El proyecto\u00a0<\/span><span class=\"C9DxTc \">Presencias<\/span><span class=\"C9DxTc \">\u00a0propone la realizaci\u00f3n de un memorial en homenaje a las y los integrantes de la comunidad de la FAU detenidos desaparecidos \u2014DD\u2014 y asesinados durante el Operativo Independencia y la dictadura c\u00edvico eclesi\u00e1stico militar, como una forma de evocar su existencia hoy y siempre.<\/span><\/p>\n<p class=\"zfr3Q CDt4Ke \" dir=\"ltr\"><span class=\"C9DxTc \">Este memorial se compone de 20 piezas de hormig\u00f3n, ubicadas en los espacios exteriores de la Facultad de Arquitectura y Urbanismo de Tucum\u00e1n, las que contendr\u00e1n una huella impresa con el nombre del\/la estudiante, docente, no docente o graduado\/a, y un c\u00f3digo QR que vincula a una imagen generada por inteligencia artificial, sobre escenas cotidianas situadas en ese mismo espacio, con el prop\u00f3sito de hacer presentes a los\/las DD de nuestra comunidad.<\/span><\/p>\n<p class=\"zfr3Q CDt4Ke \" dir=\"ltr\"><span class=\"C9DxTc \">El 24 de marzo es una fecha de memoria, verdad y justicia, instituida desde hace d\u00e9cadas como fecha en el calendario nacional, como concreci\u00f3n del compromiso en el respeto y la defensa de los derechos humanos. En este a\u00f1o se cumplen 50 a\u00f1os del golpe genocida, que avasall\u00f3 los derechos m\u00e1s elementales de una sociedad democr\u00e1tica. Nuestra universidad fue una de las instituciones que sufri\u00f3 las acciones y los efectos de ese oscuro per\u00edodo. <\/span><\/p>\n<p class=\"zfr3Q CDt4Ke \" dir=\"ltr\"><span class=\"C9DxTc \">Recordar esta fecha manifiesta un profundo compromiso con la defensa del estado de derecho, objetivo central de la promoci\u00f3n de los derechos humanos, de la memoria, la verdad y la justicia desde la educaci\u00f3n p\u00fablica.<\/span><\/p>\n<p dir=\"ltr\">\n","protected":false},"excerpt":{"rendered":"<p>Acto en conmemoraci\u00f3n de los 50 a\u00f1os del golpe de Estado del 24 de marzo de 1976. Viernes 20 de marzo, 10 horas, hall y espacios exteriores de la Facultad.\u00a0 El proyecto\u00a0Presencias\u00a0propone la realizaci\u00f3n de un memorial en homenaje a las y los integrantes de la comunidad de la FAU detenidos desaparecidos \u2014DD\u2014 y asesinados [&hellip;]<\/p>\n","protected":false},"author":2,"featured_media":2036,"comment_status":"open","ping_status":"open","sticky":false,"template":"","format":"standard","meta":{"_uag_custom_page_level_css":"","footnotes":""},"categories":[33,5,1],"tags":[],"class_list":["post-2033","post","type-post","status-publish","format-standard","has-post-thumbnail","hentry","category-institucional","category-noticias","category-sin-categoria"],"uagb_featured_image_src":{"full":["https:\/\/fau.unt.edu.ar\/fau\/wp-content\/uploads\/2026\/03\/Presencias-\u2014-Huellas-de-la-Memoria-en-la-FAU-2.png",1080,1350,false],"thumbnail":["https:\/\/fau.unt.edu.ar\/fau\/wp-content\/uploads\/2026\/03\/Presencias-\u2014-Huellas-de-la-Memoria-en-la-FAU-2-150x150.png",150,150,true],"medium":["https:\/\/fau.unt.edu.ar\/fau\/wp-content\/uploads\/2026\/03\/Presencias-\u2014-Huellas-de-la-Memoria-en-la-FAU-2-240x300.png",240,300,true],"medium_large":["https:\/\/fau.unt.edu.ar\/fau\/wp-content\/uploads\/2026\/03\/Presencias-\u2014-Huellas-de-la-Memoria-en-la-FAU-2-768x960.png",768,960,true],"large":["https:\/\/fau.unt.edu.ar\/fau\/wp-content\/uploads\/2026\/03\/Presencias-\u2014-Huellas-de-la-Memoria-en-la-FAU-2-819x1024.png",819,1024,true],"1536x1536":["https:\/\/fau.unt.edu.ar\/fau\/wp-content\/uploads\/2026\/03\/Presencias-\u2014-Huellas-de-la-Memoria-en-la-FAU-2.png",1080,1350,false],"2048x2048":["https:\/\/fau.unt.edu.ar\/fau\/wp-content\/uploads\/2026\/03\/Presencias-\u2014-Huellas-de-la-Memoria-en-la-FAU-2.png",1080,1350,false],"320w":["https:\/\/fau.unt.edu.ar\/fau\/wp-content\/uploads\/2026\/03\/Presencias-\u2014-Huellas-de-la-Memoria-en-la-FAU-2-320x400.png",320,400,true],"480w":["https:\/\/fau.unt.edu.ar\/fau\/wp-content\/uploads\/2026\/03\/Presencias-\u2014-Huellas-de-la-Memoria-en-la-FAU-2-480x600.png",480,600,true],"800w":["https:\/\/fau.unt.edu.ar\/fau\/wp-content\/uploads\/2026\/03\/Presencias-\u2014-Huellas-de-la-Memoria-en-la-FAU-2-800x1000.png",800,1000,true]},"uagb_author_info":{"display_name":"c2860607","author_link":"https:\/\/fau.unt.edu.ar\/fau\/author\/c2860607\/"},"uagb_comment_info":669,"uagb_excerpt":"Acto en conmemoraci\u00f3n de los 50 a\u00f1os del golpe de Estado del 24 de marzo de 1976. Viernes 20 de marzo, 10 horas, hall y espacios exteriores de la Facultad.\u00a0 El proyecto\u00a0Presencias\u00a0propone la realizaci\u00f3n de un memorial en homenaje a las y los integrantes de la comunidad de la FAU detenidos desaparecidos \u2014DD\u2014 y asesinados&hellip;","_links":{"self":[{"href":"https:\/\/fau.unt.edu.ar\/fau\/wp-json\/wp\/v2\/posts\/2033","targetHints":{"allow":["GET"]}}],"collection":[{"href":"https:\/\/fau.unt.edu.ar\/fau\/wp-json\/wp\/v2\/posts"}],"about":[{"href":"https:\/\/fau.unt.edu.ar\/fau\/wp-json\/wp\/v2\/types\/post"}],"author":[{"embeddable":true,"href":"https:\/\/fau.unt.edu.ar\/fau\/wp-json\/wp\/v2\/users\/2"}],"replies":[{"embeddable":true,"href":"https:\/\/fau.unt.edu.ar\/fau\/wp-json\/wp\/v2\/comments?post=2033"}],"version-history":[{"count":1,"href":"https:\/\/fau.unt.edu.ar\/fau\/wp-json\/wp\/v2\/posts\/2033\/revisions"}],"predecessor-version":[{"id":2039,"href":"https:\/\/fau.unt.edu.ar\/fau\/wp-json\/wp\/v2\/posts\/2033\/revisions\/2039"}],"wp:featuredmedia":[{"embeddable":true,"href":"https:\/\/fau.unt.edu.ar\/fau\/wp-json\/wp\/v2\/media\/2036"}],"wp:attachment":[{"href":"https:\/\/fau.unt.edu.ar\/fau\/wp-json\/wp\/v2\/media?parent=2033"}],"wp:term":[{"taxonomy":"category","embeddable":true,"href":"https:\/\/fau.unt.edu.ar\/fau\/wp-json\/wp\/v2\/categories?post=2033"},{"taxonomy":"post_tag","embeddable":true,"href":"https:\/\/fau.unt.edu.ar\/fau\/wp-json\/wp\/v2\/tags?post=2033"}],"curies":[{"name":"wp","href":"https:\/\/api.w.org\/{rel}","templated":true}]}}