{"id":1840,"date":"2025-10-06T10:56:05","date_gmt":"2025-10-06T13:56:05","guid":{"rendered":"https:\/\/fau.unt.edu.ar\/fau\/?p=1840"},"modified":"2025-10-06T10:56:05","modified_gmt":"2025-10-06T13:56:05","slug":"convocatoria-sumate-al-proyecto-integral-de-tutorias","status":"publish","type":"post","link":"https:\/\/fau.unt.edu.ar\/fau\/convocatoria-sumate-al-proyecto-integral-de-tutorias\/","title":{"rendered":"Convocatoria: sum\u00e1te al proyecto integral de tutor\u00edas"},"content":{"rendered":"<div class=\"xdj266r x14z9mp xat24cr x1lziwak x1vvkbs x126k92a\">\n<div dir=\"auto\">S\u00daMATE AL PROYECTO INTEGRAL DE TUTOR\u00cdAS<\/div>\n<div dir=\"auto\">FAU\u2013UNT 2025- 2026<\/div>\n<\/div>\n<div class=\"x14z9mp xat24cr x1lziwak x1vvkbs xtlvy1s x126k92a\">\n<div dir=\"auto\"><span class=\"html-span xexx8yu xyri2b x18d9i69 x1c1uobl x1hl2dhg x16tdsg8 x1vvkbs x3nfvp2 x1j61x8r x1fcty0u xdj266r xat24cr xm2jcoa x1mpyi22 xxymvpz xlup9mm x1kky2od\"><img loading=\"lazy\" decoding=\"async\" class=\"xz74otr x15mokao x1ga7v0g x16uus16 xbiv7yw\" src=\"https:\/\/static.xx.fbcdn.net\/images\/emoji.php\/v9\/t39\/1\/16\/2b55.png\" alt=\"\u2b55\" width=\"16\" height=\"16\" \/><\/span>Dirigido a estudiantes de Arquitectura y de la TUDIT<\/div>\n<\/div>\n<div class=\"x14z9mp xat24cr x1lziwak x1vvkbs xtlvy1s x126k92a\">\n<div dir=\"auto\"><span class=\"html-span xexx8yu xyri2b x18d9i69 x1c1uobl x1hl2dhg x16tdsg8 x1vvkbs x3nfvp2 x1j61x8r x1fcty0u xdj266r xat24cr xm2jcoa x1mpyi22 xxymvpz xlup9mm x1kky2od\"><img loading=\"lazy\" decoding=\"async\" class=\"xz74otr x15mokao x1ga7v0g x16uus16 xbiv7yw\" src=\"https:\/\/static.xx.fbcdn.net\/images\/emoji.php\/v9\/tfb\/1\/16\/1f5e3.png\" alt=\"\" width=\"16\" height=\"16\" \/><\/span>\u00bfTe interesa iniciarte en la docencia y la investigaci\u00f3n universitaria?<\/div>\n<div dir=\"auto\">El Consejo Directivo de la Facultad de Arquitectura invita a estudiantes y egresados\/as a inscribirse al Seminario de Preiniciaci\u00f3n en la Docencia e Investigaci\u00f3n, en el marco del Proyecto Integral de Tutor\u00edas FAU\u2013UNT 2025-2026.<\/div>\n<\/div>\n<div class=\"x14z9mp xat24cr x1lziwak x1vvkbs xtlvy1s x126k92a\">\n<div dir=\"auto\"><span class=\"html-span xexx8yu xyri2b x18d9i69 x1c1uobl x1hl2dhg x16tdsg8 x1vvkbs x3nfvp2 x1j61x8r x1fcty0u xdj266r xat24cr xm2jcoa x1mpyi22 xxymvpz xlup9mm x1kky2od\"><img loading=\"lazy\" decoding=\"async\" class=\"xz74otr x15mokao x1ga7v0g x16uus16 xbiv7yw\" src=\"https:\/\/static.xx.fbcdn.net\/images\/emoji.php\/v9\/t4c\/1\/16\/2753.png\" alt=\"\u2753\" width=\"16\" height=\"16\" \/><\/span>\u00bfPor qu\u00e9 participar?<\/div>\n<div dir=\"auto\">&#8211; Vas a adquirir herramientas pedag\u00f3gicas y metodol\u00f3gicas clave para tu desarrollo profesional.<\/div>\n<div dir=\"auto\">&#8211; Tus experiencias previas como ayudante estudiantil, tutor\/a o participante en proyectos acad\u00e9micos pueden potenciar tu recorrido.<\/div>\n<div dir=\"auto\">&#8211; Es una oportunidad para vincularte con equipos docentes, aportar a la mejora de la experiencia estudiantil y fortalecer tu vocaci\u00f3n acad\u00e9mica.<\/div>\n<\/div>\n<div class=\"x14z9mp xat24cr x1lziwak x1vvkbs xtlvy1s x126k92a\">\n<div dir=\"auto\"><span class=\"html-span xexx8yu xyri2b x18d9i69 x1c1uobl x1hl2dhg x16tdsg8 x1vvkbs x3nfvp2 x1j61x8r x1fcty0u xdj266r xat24cr xm2jcoa x1mpyi22 xxymvpz xlup9mm x1kky2od\"><img loading=\"lazy\" decoding=\"async\" class=\"xz74otr x15mokao x1ga7v0g x16uus16 xbiv7yw\" src=\"https:\/\/static.xx.fbcdn.net\/images\/emoji.php\/v9\/tac\/1\/16\/1f4cc.png\" alt=\"\" width=\"16\" height=\"16\" \/><\/span>Sobre el Seminario<\/div>\n<div dir=\"auto\">\u2022 Duraci\u00f3n: 1 a\u00f1o<\/div>\n<div dir=\"auto\">\u2022 Modalidad: evaluaciones peri\u00f3dicas + trabajo monogr\u00e1fico final<\/div>\n<div dir=\"auto\">\u2022 Al finalizar, se elevar\u00e1 el Acta correspondiente<\/div>\n<\/div>\n<div class=\"x14z9mp xat24cr x1lziwak x1vvkbs xtlvy1s x126k92a\">\n<div dir=\"auto\"><span class=\"html-span xexx8yu xyri2b x18d9i69 x1c1uobl x1hl2dhg x16tdsg8 x1vvkbs x3nfvp2 x1j61x8r x1fcty0u xdj266r xat24cr xm2jcoa x1mpyi22 xxymvpz xlup9mm x1kky2od\"><img loading=\"lazy\" decoding=\"async\" class=\"xz74otr x15mokao x1ga7v0g x16uus16 xbiv7yw\" src=\"https:\/\/static.xx.fbcdn.net\/images\/emoji.php\/v9\/t8c\/1\/16\/1f4bb.png\" alt=\"\" width=\"16\" height=\"16\" \/><\/span>Inscripci\u00f3n<\/div>\n<div dir=\"auto\">Las inscripciones se est\u00e1n recibiendo en Departamento Concursos de 8 a 12horas.<\/div>\n<\/div>\n<div class=\"x14z9mp xat24cr x1lziwak x1vvkbs xtlvy1s x126k92a\">\n<div dir=\"auto\"><span class=\"html-span xexx8yu xyri2b x18d9i69 x1c1uobl x1hl2dhg x16tdsg8 x1vvkbs x3nfvp2 x1j61x8r x1fcty0u xdj266r xat24cr xm2jcoa x1mpyi22 xxymvpz xlup9mm x1kky2od\"><img loading=\"lazy\" decoding=\"async\" class=\"xz74otr x15mokao x1ga7v0g x16uus16 xbiv7yw\" src=\"https:\/\/static.xx.fbcdn.net\/images\/emoji.php\/v9\/t19\/1\/16\/1f4d1.png\" alt=\"\" width=\"16\" height=\"16\" \/><\/span>Deber\u00e1n presentar en un pendrive:<\/div>\n<div dir=\"auto\">\u2022 CV reducido<\/div>\n<div dir=\"auto\">\u2022 Constancia de alumno\/a regular<\/div>\n<div dir=\"auto\">\u2022 Certificado de materias aprobadas<\/div>\n<div dir=\"auto\">\u2022 Nota al Decano solicitando inscripci\u00f3n fuera de t\u00e9rmino<\/div>\n<div dir=\"auto\">Enviar duplicado de la nota al correo: mesadeentradas@fau.unt.edu.ar<\/div>\n<\/div>\n<div class=\"x14z9mp xat24cr x1lziwak x1vvkbs xtlvy1s x126k92a\">\n<div dir=\"auto\"><span class=\"html-span xexx8yu xyri2b x18d9i69 x1c1uobl x1hl2dhg x16tdsg8 x1vvkbs x3nfvp2 x1j61x8r x1fcty0u xdj266r xat24cr xm2jcoa x1mpyi22 xxymvpz xlup9mm x1kky2od\"><img loading=\"lazy\" decoding=\"async\" class=\"xz74otr x15mokao x1ga7v0g x16uus16 xbiv7yw\" src=\"https:\/\/static.xx.fbcdn.net\/images\/emoji.php\/v9\/t94\/1\/16\/1f469_200d_1f3eb.png\" alt=\"\u200d\" width=\"16\" height=\"16\" \/><\/span>Evaluaci\u00f3n de postulacioneseEstar\u00e1 a cargo de la Comisi\u00f3n de Admisi\u00f3n integrada por:<\/div>\n<div dir=\"auto\">\u2022 Arq. Claudia Abdelnur<\/div>\n<div dir=\"auto\">\u2022 Arq. Gonzalo Romero<\/div>\n<div dir=\"auto\">\u2022 Esp. Arq. Luz Alejandra Moreno<\/div>\n<div dir=\"auto\">\u2022 Arq. Ana Auad<\/div>\n<\/div>\n<div class=\"x14z9mp xat24cr x1lziwak x1vvkbs xtlvy1s x126k92a\">\n<div dir=\"auto\">\u00a1AN\u00cdMATE A DAR EL PRIMER PASO HACIA LA DOCENCIA Y LA INVESTIGACI\u00d3N! TU MIRADA, TU EXPERIENCIA Y TU COMPROMISO PUEDEN MARCAR LA DIFERENCIA.<\/div>\n<div dir=\"auto\">\n\n\t\t<style type=\"text\/css\">\n\t\t\t#gallery-1 {\n\t\t\t\tmargin: auto;\n\t\t\t}\n\t\t\t#gallery-1 .gallery-item {\n\t\t\t\tfloat: left;\n\t\t\t\tmargin-top: 10px;\n\t\t\t\ttext-align: center;\n\t\t\t\twidth: 50%;\n\t\t\t}\n\t\t\t#gallery-1 img {\n\t\t\t\tborder: 2px solid #cfcfcf;\n\t\t\t}\n\t\t\t#gallery-1 .gallery-caption {\n\t\t\t\tmargin-left: 0;\n\t\t\t}\n\t\t\t\/* see gallery_shortcode() in wp-includes\/media.php *\/\n\t\t<\/style>\n\t\t<div id='gallery-1' class='gallery galleryid-1840 gallery-columns-2 gallery-size-large'><dl class='gallery-item'>\n\t\t\t<dt class='gallery-icon portrait'>\n\t\t\t\t<a href='https:\/\/fau.unt.edu.ar\/fau\/convocatoria-sumate-al-proyecto-integral-de-tutorias\/attachment\/2\/'><img loading=\"lazy\" decoding=\"async\" width=\"819\" height=\"1024\" src=\"https:\/\/fau.unt.edu.ar\/fau\/wp-content\/uploads\/2025\/10\/2-819x1024.png\" class=\"attachment-large size-large\" alt=\"\" srcset=\"https:\/\/fau.unt.edu.ar\/fau\/wp-content\/uploads\/2025\/10\/2-819x1024.png 819w, https:\/\/fau.unt.edu.ar\/fau\/wp-content\/uploads\/2025\/10\/2-240x300.png 240w, https:\/\/fau.unt.edu.ar\/fau\/wp-content\/uploads\/2025\/10\/2-768x960.png 768w, https:\/\/fau.unt.edu.ar\/fau\/wp-content\/uploads\/2025\/10\/2-320x400.png 320w, https:\/\/fau.unt.edu.ar\/fau\/wp-content\/uploads\/2025\/10\/2-480x600.png 480w, https:\/\/fau.unt.edu.ar\/fau\/wp-content\/uploads\/2025\/10\/2-800x1000.png 800w, https:\/\/fau.unt.edu.ar\/fau\/wp-content\/uploads\/2025\/10\/2.png 1080w\" sizes=\"auto, (max-width: 819px) 100vw, 819px\" \/><\/a>\n\t\t\t<\/dt><\/dl><dl class='gallery-item'>\n\t\t\t<dt class='gallery-icon portrait'>\n\t\t\t\t<a href='https:\/\/fau.unt.edu.ar\/fau\/convocatoria-sumate-al-proyecto-integral-de-tutorias\/attachment\/3\/'><img loading=\"lazy\" decoding=\"async\" width=\"819\" height=\"1024\" src=\"https:\/\/fau.unt.edu.ar\/fau\/wp-content\/uploads\/2025\/10\/3-819x1024.png\" class=\"attachment-large size-large\" alt=\"\" srcset=\"https:\/\/fau.unt.edu.ar\/fau\/wp-content\/uploads\/2025\/10\/3-819x1024.png 819w, https:\/\/fau.unt.edu.ar\/fau\/wp-content\/uploads\/2025\/10\/3-240x300.png 240w, https:\/\/fau.unt.edu.ar\/fau\/wp-content\/uploads\/2025\/10\/3-768x960.png 768w, https:\/\/fau.unt.edu.ar\/fau\/wp-content\/uploads\/2025\/10\/3-320x400.png 320w, https:\/\/fau.unt.edu.ar\/fau\/wp-content\/uploads\/2025\/10\/3-480x600.png 480w, https:\/\/fau.unt.edu.ar\/fau\/wp-content\/uploads\/2025\/10\/3-800x1000.png 800w, https:\/\/fau.unt.edu.ar\/fau\/wp-content\/uploads\/2025\/10\/3.png 1080w\" sizes=\"auto, (max-width: 819px) 100vw, 819px\" \/><\/a>\n\t\t\t<\/dt><\/dl><br style=\"clear: both\" \/>\n\t\t<\/div>\n\n<\/div>\n<\/div>\n","protected":false},"excerpt":{"rendered":"<p>S\u00daMATE AL PROYECTO INTEGRAL DE TUTOR\u00cdAS FAU\u2013UNT 2025- 2026 Dirigido a estudiantes de Arquitectura y de la TUDIT \u00bfTe interesa iniciarte en la docencia y la investigaci\u00f3n universitaria? El Consejo Directivo de la Facultad de Arquitectura invita a estudiantes y egresados\/as a inscribirse al Seminario de Preiniciaci\u00f3n en la Docencia e Investigaci\u00f3n, en el marco [&hellip;]<\/p>\n","protected":false},"author":2,"featured_media":1843,"comment_status":"open","ping_status":"open","sticky":false,"template":"","format":"standard","meta":{"_uag_custom_page_level_css":"","footnotes":""},"categories":[1],"tags":[],"class_list":["post-1840","post","type-post","status-publish","format-standard","has-post-thumbnail","hentry","category-sin-categoria"],"uagb_featured_image_src":{"full":["https:\/\/fau.unt.edu.ar\/fau\/wp-content\/uploads\/2025\/10\/1.png",1080,1350,false],"thumbnail":["https:\/\/fau.unt.edu.ar\/fau\/wp-content\/uploads\/2025\/10\/1-150x150.png",150,150,true],"medium":["https:\/\/fau.unt.edu.ar\/fau\/wp-content\/uploads\/2025\/10\/1-240x300.png",240,300,true],"medium_large":["https:\/\/fau.unt.edu.ar\/fau\/wp-content\/uploads\/2025\/10\/1-768x960.png",768,960,true],"large":["https:\/\/fau.unt.edu.ar\/fau\/wp-content\/uploads\/2025\/10\/1-819x1024.png",819,1024,true],"1536x1536":["https:\/\/fau.unt.edu.ar\/fau\/wp-content\/uploads\/2025\/10\/1.png",1080,1350,false],"2048x2048":["https:\/\/fau.unt.edu.ar\/fau\/wp-content\/uploads\/2025\/10\/1.png",1080,1350,false],"320w":["https:\/\/fau.unt.edu.ar\/fau\/wp-content\/uploads\/2025\/10\/1-320x400.png",320,400,true],"480w":["https:\/\/fau.unt.edu.ar\/fau\/wp-content\/uploads\/2025\/10\/1-480x600.png",480,600,true],"800w":["https:\/\/fau.unt.edu.ar\/fau\/wp-content\/uploads\/2025\/10\/1-800x1000.png",800,1000,true]},"uagb_author_info":{"display_name":"c2860607","author_link":"https:\/\/fau.unt.edu.ar\/fau\/author\/c2860607\/"},"uagb_comment_info":0,"uagb_excerpt":"S\u00daMATE AL PROYECTO INTEGRAL DE TUTOR\u00cdAS FAU\u2013UNT 2025- 2026 Dirigido a estudiantes de Arquitectura y de la TUDIT \u00bfTe interesa iniciarte en la docencia y la investigaci\u00f3n universitaria? El Consejo Directivo de la Facultad de Arquitectura invita a estudiantes y egresados\/as a inscribirse al Seminario de Preiniciaci\u00f3n en la Docencia e Investigaci\u00f3n, en el marco&hellip;","_links":{"self":[{"href":"https:\/\/fau.unt.edu.ar\/fau\/wp-json\/wp\/v2\/posts\/1840","targetHints":{"allow":["GET"]}}],"collection":[{"href":"https:\/\/fau.unt.edu.ar\/fau\/wp-json\/wp\/v2\/posts"}],"about":[{"href":"https:\/\/fau.unt.edu.ar\/fau\/wp-json\/wp\/v2\/types\/post"}],"author":[{"embeddable":true,"href":"https:\/\/fau.unt.edu.ar\/fau\/wp-json\/wp\/v2\/users\/2"}],"replies":[{"embeddable":true,"href":"https:\/\/fau.unt.edu.ar\/fau\/wp-json\/wp\/v2\/comments?post=1840"}],"version-history":[{"count":1,"href":"https:\/\/fau.unt.edu.ar\/fau\/wp-json\/wp\/v2\/posts\/1840\/revisions"}],"predecessor-version":[{"id":1852,"href":"https:\/\/fau.unt.edu.ar\/fau\/wp-json\/wp\/v2\/posts\/1840\/revisions\/1852"}],"wp:featuredmedia":[{"embeddable":true,"href":"https:\/\/fau.unt.edu.ar\/fau\/wp-json\/wp\/v2\/media\/1843"}],"wp:attachment":[{"href":"https:\/\/fau.unt.edu.ar\/fau\/wp-json\/wp\/v2\/media?parent=1840"}],"wp:term":[{"taxonomy":"category","embeddable":true,"href":"https:\/\/fau.unt.edu.ar\/fau\/wp-json\/wp\/v2\/categories?post=1840"},{"taxonomy":"post_tag","embeddable":true,"href":"https:\/\/fau.unt.edu.ar\/fau\/wp-json\/wp\/v2\/tags?post=1840"}],"curies":[{"name":"wp","href":"https:\/\/api.w.org\/{rel}","templated":true}]}}