{"id":1624,"date":"2025-08-19T15:10:13","date_gmt":"2025-08-19T18:10:13","guid":{"rendered":"https:\/\/fau.unt.edu.ar\/fau\/?p=1624"},"modified":"2025-08-19T19:12:23","modified_gmt":"2025-08-19T22:12:23","slug":"noticia-nro-3-a-dos-lines-lorem-ipsum-dolor-sit-amet-simuldaoe-namm","status":"publish","type":"post","link":"https:\/\/fau.unt.edu.ar\/fau\/noticia-nro-3-a-dos-lines-lorem-ipsum-dolor-sit-amet-simuldaoe-namm\/","title":{"rendered":"Concurso internacional de estudiantes"},"content":{"rendered":"<p>La Facultad de Arquitectura de la UNT ser\u00e1 sede de un concurso internacional de estudiantes que propondr\u00e1 la creaci\u00f3n del \u201cParque de la Memoria Arsenal\u201d en el ex centro clandestino de detenci\u00f3n.<\/p>\n<hr \/>\n<p>El mi\u00e9rcoles 17 de junio, en la sala del Honorable Consejo Directivo, se presentaron las bases del concurso estudiantil internacional para el dise\u00f1o conceptual del \u201cParque de la Memoria Arsenal\u201d, organizado por esta Facultad en conjunto con Inspireli Awards.<br \/>\nParticiparon del acto autoridades de la Universidad Nacional de Tucum\u00e1n: el rector, Sergio Pagani, y la vicerrectora, Mercedes Leal; autoridades del gobierno de la provincia: el secretario y el subsecretario de Derechos Humanos, Mario Racedo y Pablo Vega; representantes de organizaciones de derechos humanos; autoridades de la Facultad: el decano, Juan Ramazzotti, y la vicedecana, Soledad Juli\u00e1; as\u00ed como los docentes que integran la comisi\u00f3n redactora de las bases: Patricia Rodr\u00edguez Anido, Gonzalo Romero y Roberto G\u00f3mez L\u00f3pez.<br \/>\nAl comenzar la presentaci\u00f3n, el decano destac\u00f3 que el concurso constituye un ejercicio acad\u00e9mico que invita al estudio y a la reflexi\u00f3n sobre nuestra realidad, subrayando su valor como instrumento para preservar la memoria y promover la comprensi\u00f3n de nuestra historia reciente. Asimismo, remarc\u00f3 la importancia que tiene, para el prestigio institucional, la participaci\u00f3n en el concurso anual de Inspireli, en el que nuestros estudiantes han demostrado una destacada capacidad, reflejada en los numerosos logros obtenidos.<br \/>\nA continuaci\u00f3n, el Arq. Roberto G\u00f3mez L\u00f3pez expuso las bases, cuya s\u00edntesis se expone a continuaci\u00f3n.<\/p>\n<p>El concurso aborda la necesidad de definir un uso urbano para el extenso predio que, d\u00e9cadas atr\u00e1s, alberg\u00f3 la Compa\u00f1\u00eda de Arsenales Miguel de Azcu\u00e9naga del Ej\u00e9rcito Argentino, en la localidad de Las Talitas. Entre 1976 y 1978, en ese lugar funcion\u00f3 un centro clandestino de detenci\u00f3n, tortura y exterminio. Actualmente, el predio se encuentra desafectado del uso militar y permanece en estado de abandono, principalmente debido a la inhibici\u00f3n judicial derivada de la causa que, desde hace d\u00e9cadas, investiga los cr\u00edmenes all\u00ed cometidos. Se estima que en el sitio fueron asesinadas entre cientos y hasta un millar de personas, cuyos cuerpos fueron enterrados en fosas comunes dentro del mismo terreno.<br \/>\nEl concurso convoca a elaborar propuestas que aborden integralmente esta problem\u00e1tica, incluyendo la urbanizaci\u00f3n del \u00e1rea, el dise\u00f1o del Parque de la Memoria Arsenal en homenaje a las v\u00edctimas, y, en ese marco, el dise\u00f1o de un centro de interpretaci\u00f3n que transmita la historia del sitio.<\/p>\n<p>Con el objetivo de fomentar una amplia participaci\u00f3n, el concurso se organizar\u00e1 en dos categor\u00edas:<br \/>\n\u2022 Dise\u00f1o Urbano: propuesta de urbanizaci\u00f3n del predio y dise\u00f1o paisaj\u00edstico\/arquitect\u00f3nico del parque.<br \/>\n\u2022 Dise\u00f1o Arquitect\u00f3nico: dise\u00f1o paisaj\u00edstico\/arquitect\u00f3nico del parque y dise\u00f1o arquitect\u00f3nico del Centro de Interpretaci\u00f3n.<br \/>\nEl cronograma previsto es el siguiente:<br \/>\n\u2022 Apertura y publicaci\u00f3n de bases: 1 de octubre de 2025<br \/>\n\u2022 Fecha l\u00edmite para el env\u00edo de propuestas: 15 de junio de 2026<br \/>\n\u2022 Anuncio de finalistas: julio de 2026<br \/>\n\u2022 Anuncio de ganadores: agosto de 2026<br \/>\nLas bases completas del concurso estar\u00e1n disponibles en www.inspireli.com a partir de la fecha de apertura.<\/p>\n<p>Sobre los premios Inspireli<\/p>\n<p>El objetivo del concurso es apoyar gratuitamente a j\u00f3venes talentos de la arquitectura, independientemente de su condici\u00f3n social, econ\u00f3mica o \u00e9tnica. los premios Inspireli no tienen un tema espec\u00edfico sino que se adaptan a la realidad de cada pa\u00eds.<\/p>\n<p>Por ejemplo, en 2024 el tema ten\u00eda como prop\u00f3sito \u201cSalvar el arca de Schindler\u201d. Los estudiantes deb\u00edan enviar sus proyectos basados en la residencia de Oskar Schindler durante la Segunda Guerra Mundial, donde se produjo el rescate de 1.200 jud\u00edos de las fauces del Holocausto. Hubo 243 participantes con 150 proyectos registrados y 28 pa\u00edses involucrados. Dos j\u00f3venes estudiantes de la carrera de Arquitectura de la UNT, Ana Bel\u00e9n Ju\u00e1rez y Emilia Guti\u00e9rrez Gonz\u00e1lez, fueron premiadas en el Concurso Internacional de Dise\u00f1o Digital para alumnos.<\/p>\n<p>Tambi\u00e9n el a\u00f1o pasado se lanz\u00f3 oficialmente el Ranking INSPIRELI World Architecture University. La Facultad de Arquitectura y Urbanismo de la UNT figura primera en el ranking de universidades de Sudam\u00e9rica y tercera a nivel mundial.<\/p>\n","protected":false},"excerpt":{"rendered":"<p>La Facultad de Arquitectura de la UNT ser\u00e1 sede de un concurso internacional de estudiantes que propondr\u00e1 la creaci\u00f3n del \u201cParque de la Memoria Arsenal\u201d en el ex centro clandestino de detenci\u00f3n. El mi\u00e9rcoles 17 de junio, en la sala del Honorable Consejo Directivo, se presentaron las bases del concurso estudiantil internacional para el dise\u00f1o [&hellip;]<\/p>\n","protected":false},"author":2,"featured_media":1695,"comment_status":"closed","ping_status":"open","sticky":false,"template":"","format":"standard","meta":{"_uag_custom_page_level_css":"","footnotes":""},"categories":[35,38,5],"tags":[],"class_list":["post-1624","post","type-post","status-publish","format-standard","has-post-thumbnail","hentry","category-alumnos","category-docentes","category-noticias"],"uagb_featured_image_src":{"full":["https:\/\/fau.unt.edu.ar\/fau\/wp-content\/uploads\/2025\/08\/concurso.jpg",800,400,false],"thumbnail":["https:\/\/fau.unt.edu.ar\/fau\/wp-content\/uploads\/2025\/08\/concurso-150x150.jpg",150,150,true],"medium":["https:\/\/fau.unt.edu.ar\/fau\/wp-content\/uploads\/2025\/08\/concurso-300x150.jpg",300,150,true],"medium_large":["https:\/\/fau.unt.edu.ar\/fau\/wp-content\/uploads\/2025\/08\/concurso-768x384.jpg",768,384,true],"large":["https:\/\/fau.unt.edu.ar\/fau\/wp-content\/uploads\/2025\/08\/concurso.jpg",800,400,false],"1536x1536":["https:\/\/fau.unt.edu.ar\/fau\/wp-content\/uploads\/2025\/08\/concurso.jpg",800,400,false],"2048x2048":["https:\/\/fau.unt.edu.ar\/fau\/wp-content\/uploads\/2025\/08\/concurso.jpg",800,400,false],"320w":["https:\/\/fau.unt.edu.ar\/fau\/wp-content\/uploads\/2025\/08\/concurso-320x160.jpg",320,160,true],"480w":["https:\/\/fau.unt.edu.ar\/fau\/wp-content\/uploads\/2025\/08\/concurso-480x240.jpg",480,240,true],"800w":["https:\/\/fau.unt.edu.ar\/fau\/wp-content\/uploads\/2025\/08\/concurso.jpg",800,400,false]},"uagb_author_info":{"display_name":"c2860607","author_link":"https:\/\/fau.unt.edu.ar\/fau\/author\/c2860607\/"},"uagb_comment_info":0,"uagb_excerpt":"La Facultad de Arquitectura de la UNT ser\u00e1 sede de un concurso internacional de estudiantes que propondr\u00e1 la creaci\u00f3n del \u201cParque de la Memoria Arsenal\u201d en el ex centro clandestino de detenci\u00f3n. El mi\u00e9rcoles 17 de junio, en la sala del Honorable Consejo Directivo, se presentaron las bases del concurso estudiantil internacional para el dise\u00f1o&hellip;","_links":{"self":[{"href":"https:\/\/fau.unt.edu.ar\/fau\/wp-json\/wp\/v2\/posts\/1624","targetHints":{"allow":["GET"]}}],"collection":[{"href":"https:\/\/fau.unt.edu.ar\/fau\/wp-json\/wp\/v2\/posts"}],"about":[{"href":"https:\/\/fau.unt.edu.ar\/fau\/wp-json\/wp\/v2\/types\/post"}],"author":[{"embeddable":true,"href":"https:\/\/fau.unt.edu.ar\/fau\/wp-json\/wp\/v2\/users\/2"}],"replies":[{"embeddable":true,"href":"https:\/\/fau.unt.edu.ar\/fau\/wp-json\/wp\/v2\/comments?post=1624"}],"version-history":[{"count":3,"href":"https:\/\/fau.unt.edu.ar\/fau\/wp-json\/wp\/v2\/posts\/1624\/revisions"}],"predecessor-version":[{"id":1698,"href":"https:\/\/fau.unt.edu.ar\/fau\/wp-json\/wp\/v2\/posts\/1624\/revisions\/1698"}],"wp:featuredmedia":[{"embeddable":true,"href":"https:\/\/fau.unt.edu.ar\/fau\/wp-json\/wp\/v2\/media\/1695"}],"wp:attachment":[{"href":"https:\/\/fau.unt.edu.ar\/fau\/wp-json\/wp\/v2\/media?parent=1624"}],"wp:term":[{"taxonomy":"category","embeddable":true,"href":"https:\/\/fau.unt.edu.ar\/fau\/wp-json\/wp\/v2\/categories?post=1624"},{"taxonomy":"post_tag","embeddable":true,"href":"https:\/\/fau.unt.edu.ar\/fau\/wp-json\/wp\/v2\/tags?post=1624"}],"curies":[{"name":"wp","href":"https:\/\/api.w.org\/{rel}","templated":true}]}}