{"id":1345,"date":"2025-08-14T00:52:31","date_gmt":"2025-08-14T03:52:31","guid":{"rendered":"https:\/\/fau.unt.edu.ar\/fau\/?p=1345"},"modified":"2025-08-14T00:52:31","modified_gmt":"2025-08-14T03:52:31","slug":"convenios-de-la-fau-en-vigencia","status":"publish","type":"post","link":"https:\/\/fau.unt.edu.ar\/fau\/convenios-de-la-fau-en-vigencia\/","title":{"rendered":"Convenios de la FAU en vigencia"},"content":{"rendered":"<table class=\"table table-bordered\" width=\"90%\">\n<tbody>\n<tr>\n<td width=\"10%\">1<\/td>\n<td width=\"90%\"><strong>Acta Acuerdo entre la Facultad de Arquitectura y Urbanismo de la UNT y la Facultad de Ciencias Econ\u00f3micas de la UNT<\/strong>&nbsp;<\/p>\n<p><strong>\u00a0<\/strong><strong>Caracter\u00edsticas:<\/strong>\u00a0El presente acuerdo tiene como objetivo intercambio entre los cuerpos docentes y estudiantes de ambas facultades en \u00e1reas de conocimientos de especialidades son compartidos y que ello genera un movimiento de integraci\u00f3n que debe ser auspiciado.<\/p>\n<p><strong>En vigencia<\/strong>: Tiene vigencia indefinida desde mes de Marzo de 2007 y mientras una de las partes no manifieste a la otra su decisi\u00f3n en contrario,<\/td>\n<\/tr>\n<tr>\n<td>2<\/td>\n<td><strong>Acta Acuerdo entre la Facultad de Arquitectura y Urbanismo de la UNT y la Facultad de Ciencias Exactas de la UNT<\/strong>&nbsp;<\/p>\n<p><strong>Caracter\u00edsticas:\u00a0<\/strong>Los cursos de Postgrado dictados en cada Facultad tendr\u00e1n validez para las carreras de Postgrado ofrecidas en cada una de ellas, sujeto a que los cursantes cumplan con las condiciones de admisi\u00f3n y arancelamiento (en el caso de que lo hubiere) especificadas en los reglamentos de dichos cursos y que cuenten con la supervisi\u00f3n de acuerdos de los respectivos \u00f3rganos de control de ambas facultades.<\/p>\n<p><strong>En vigencia<\/strong>: Tiene vigencia indefinida desde fecha 26 de Septiembre de 2014 y mientras una de las partes no manifieste a la otra su decisi\u00f3n en contrario,,<\/td>\n<\/tr>\n<tr>\n<td>3<\/td>\n<td><strong>Acta Acuerdo entre la Facultad de Arquitectura y Urbanismo de la UNT y la Facultad de Filosof\u00eda y Letras de la UNT<\/strong>&nbsp;<\/p>\n<p><strong>Caracter\u00edsticas:\u00a0<\/strong>Los cursos de Postgrado dictados en cada Facultad tendr\u00e1n validez para las carreras de Postgrado ofrecidas en cada una de ellas, sujeto a que los cursantes cumplan con las condiciones de admisi\u00f3n y arancelamiento (en el caso de que lo hubiere) especificadas en los reglamentos de dichos cursos y que cuenten con la supervisi\u00f3n de acuerdos de los respectivos \u00f3rganos de control de ambas facultades.<\/p>\n<p><strong>En vigencia<\/strong>: Tiene vigencia indefinida desde fecha 26 de Septiembre de 2014 y mientras una de las partes no manifieste a la otra su decisi\u00f3n en contrario,,<\/td>\n<\/tr>\n<tr>\n<td>4<\/td>\n<td><strong>Acta Acuerdo entre la Facultad de Arquitectura y Urbanismo de la UNT y la Municipalidad de San Miguel de Tucum\u00e1n<\/strong>&nbsp;<\/p>\n<p><strong>Caracter\u00edsticas:\u00a0<\/strong>El presente acuerdo tiene como objetivo iniciar y mantener un sistema de cooperaci\u00f3n, intercambio y transferencia en beneficio de mbas instituciones, espec\u00edficamente ente la Direcci\u00f3n de Catastro y edificaci\u00f3n de la Municipalidad de San miguel de Tucum\u00e1n y el Centro de graduados de la\u00a0Facultad de Arquitectura y urbanismo.<\/p>\n<p><strong>En Vigencia desde fecha<\/strong>: 23 de Mayo de 2016, duraci\u00f3n 3 a\u00f1os, se considerar\u00e1 autom\u00e1ticamente renovado por igual per\u00edodo<\/td>\n<\/tr>\n<tr>\n<td>5<\/td>\n<td><strong>Acta Acuerdo entre la Facultad de Arquitectura y Urbanismo de la UNT y la Municipalidad de Yerba Buena<\/strong>&nbsp;<\/p>\n<p><strong>Caracter\u00edsticas:\u00a0<\/strong>El presente acuerdo tiene como tiene como objetivos principales que los pasantes: a) Profundicen la valoraci\u00f3n del trabajo como elemento indispensable y dignificador para la vida, desde una concepci\u00f3n cultural y no meramente utilitaria; b) Realicen pr\u00e1cticas complementarias a su formaci\u00f3n acad\u00e9mica que enriquezcan la propuesta curricular de los estudios que cursen; c) Incorporen saberes, habilidades y actitudes vinculados a situaciones reales del mundo del trabajo; d) Adquieran conocimientos que contribuyan a mejorar sus posibilidades de inserci\u00f3n en el \u00e1mbito laboral; e) Aumenten el conocimiento y manejo de tecnolog\u00edas vigentes; f) Cuenten con herramientas que contribuyan a una correcta elecci\u00f3n y orientaci\u00f3n profesional futura; g) Se beneficien con el mejoramiento de la propuesta formativa; h) Progresen en el proceso de orientaci\u00f3n respecto de los posibles campos espec\u00edficos de desempe\u00f1o laboral.<\/p>\n<p><strong>En Vigencia<\/strong>\u00a0desde fecha 19 de Setiembre\u00a0 de 2016, duraci\u00f3n (dos) 2 a\u00f1os, se considerara autom\u00e1ticamente renovada por igual per\u00edodo.<\/td>\n<\/tr>\n<tr>\n<td>6<\/td>\n<td><strong>Convenio de Pasant\u00eda entre la Facultad de Arquitectura y Urbanismo de la UNT y el Ente Aut\u00e1rquico Tucum\u00e1n Turismo<\/strong>&nbsp;<\/p>\n<p><strong>Caracter\u00edsticas:\u00a0<\/strong>El presente acuerdo tiene como tiene como objetivos principales que los pasantes: a) Profundicen la valoraci\u00f3n del trabajo como elemento indispensable y dignificador para la vida, desde una concepci\u00f3n cultural y no meramente utilitaria; b) Realicen pr\u00e1cticas complementarias a su formaci\u00f3n acad\u00e9mica que enriquezcan la propuesta curricular de los estudios que cursen; c) Incorporen saberes, habilidades y actitudes vinculados a situaciones reales del mundo del trabajo; d) Adquieran conocimientos que contribuyan a mejorar sus posibilidades de inserci\u00f3n en el \u00e1mbito laboral; e) Aumenten el conocimiento y manejo de tecnolog\u00edas vigentes; f) Cuenten con herramientas que contribuyan a una correcta elecci\u00f3n y orientaci\u00f3n profesional futura; g) Se beneficien con el mejoramiento de la propuesta formativa; h) Progresen en el proceso de orientaci\u00f3n respecto de los posibles campos espec\u00edficos de desempe\u00f1o laboral.<\/p>\n<p><strong>En Vigencia<\/strong>\u00a0desde fecha 19 de Setiembre \u00a0de 2016, duraci\u00f3n (dos) 2 a\u00f1os, se considerara autom\u00e1ticamente renovada por igual per\u00edodo.<\/td>\n<\/tr>\n<tr>\n<td>7<\/td>\n<td><b>Convenio de Pasant\u00eda entre la Facultad de Arquitectura y Urbanismo de la UNT y el Ente\u00a0\u00danico de Regulaci\u00f3n y Control de Servicios P\u00fablicos de Tucucm\u00e1n-ERSEPT<\/b>&nbsp;<\/p>\n<p><strong>Caracter\u00edsticas<\/strong>: El presente acuerdo tiene como tiene como objetivos\u00a0principales que los pasantes: a) Profundicen la valoraci\u00f3n del trabajo como elemento indispensable y dignificador para la vida, desde una concepci\u00f3n cultural y no meramente utilitaria; b) Realicen pr\u00e1cticas complementarias a su formaci\u00f3n acad\u00e9mica que enriquezcan la propuesta curricular de los estudios que cursen; c) Incorporen saberes, habilidades y actitudes vinculados a situaciones reales del mundo del trabajo; d) Adquieran conocimientos que contribuyan a mejorar sus posibilidades de inserci\u00f3n en el \u00e1mbito laboral; e) Aumenten el conocimiento y manejo de tecnolog\u00edas vigentes; f) Cuenten con herramientas que contribuyan a una correcta elecci\u00f3n y orientaci\u00f3n profesional futura; g) Se beneficien con el mejoramiento de la propuesta formativa; h) Progresen en el proceso de orientaci\u00f3n respecto de los posibles campos espec\u00edficos de desempe\u00f1o laboral.<\/p>\n<p><strong>En Vigencia<\/strong>\u00a0desde fecha: 01 de Noviembre de 2016, duraci\u00f3n (dos) 2 a\u00f1os, se considerara autom\u00e1ticamente renovada por igual per\u00edodo.<\/td>\n<\/tr>\n<tr>\n<td>8<\/td>\n<td><strong>Acta Acuerdo entre la Facultad de Arquitectura y Urbanismo de la UNT y la\u00a0<\/strong><strong>Facultad de Arquitectura, Urbanismo y Dise\u00f1o de la Universidad Nacional de C\u00f3rdoba<\/strong>&nbsp;<\/p>\n<p><strong>Caracter\u00edsticas<\/strong>: El presente acuerdo tiene como objetivo establecer las condiciones de colaboraci\u00f3n entre las entidades firmantes para realizar en forma conjunta actividades acad\u00e9micas, de investigaci\u00f3n y extensi\u00f3n.<\/p>\n<p><strong>En Vigencia<\/strong>\u00a0desde fecha: 10 de Noviembre de 2016, duraci\u00f3n de tres (3) a\u00f1os a partir de su firma, y se considerar\u00e1 autom\u00e1ticamente prorrogado por igual per\u00edodo si seis (6) meses antes de su vencimiento ninguna de las partes declara su voluntad en contrario<\/td>\n<\/tr>\n<tr>\n<td>9<\/td>\n<td><strong>Acta Acuerdo entre la Facultad de Arquitectura y Urbanismo de la UNT y el Ente Aut\u00e1rquico Tucum\u00e1n Turismo<\/strong>&nbsp;<\/p>\n<p><strong>Caracter\u00edsticas<\/strong>: El presente acuerdo tiene como objetivo fortalecer los v\u00ednculos de colaboraci\u00f3n y establecer los canales de comunicaci\u00f3n entre los organismos intervinientes con el fin de desarrollar programas conjuntos que contemplen la formaci\u00f3n de futuros profesionales. A tal fin la alumna Andrea del Valle Villa, dirigida por los docentes del Taller Barrionuevo: Arq. \u00cdtalo Barrionuevo y Arq. Ana Mar\u00eda A\u00fan, realizar\u00e1 su Proyecto Final de Carrera: \u201cVILLA VERDE\u201d Complejo Tur\u00edstico en San Pedro de Colalao.<\/p>\n<p><strong>En Vigencia<\/strong>\u00a0desde fecha: 16 d\u00edas del mes de Noviembre de 2016, duraci\u00f3n del per\u00edodo lectivo 2016 pudiendo extenderse acorde al consenso de las partes por otro per\u00edodo acad\u00e9mico.<\/td>\n<\/tr>\n<tr>\n<td>10<\/td>\n<td><b>Convenio de Pasant\u00eda entre la Facultad de Arquitectura y Urbanismo de la UNT\u00a0 y la Empresa ARCOR\u00a0 SAIC.<\/b>&nbsp;<\/p>\n<p><strong>Caracter\u00edsticas<\/strong>: El presente acuerdo tiene como objetivo establecer un sistema\u00a0dual Pr\u00e1ctico-Educativo que permite a estudiantes de la FAU un avance significativo en su educaci\u00f3n y posicionamiento en el inicio de su profesi\u00f3n mediante la utilizaci\u00f3n de la tecnolog\u00eda disponible en los distintos organismos p\u00fablicos y privados.<\/p>\n<p><strong>En Vigencia<\/strong>\u00a0desde fecha: 21 de Febrero de 2017, duraci\u00f3n de 2 a\u00f1os, se considerara autom\u00e1ticamente renovado por igual per\u00edodo.<\/td>\n<\/tr>\n<tr>\n<td>11<\/td>\n<td><b>Convenio de Pasant\u00eda entre la Facultad de Arquitectura y Urbanismo de la UNT\u00a0 y la Empresa CARTOCOR SA<\/b>&nbsp;<\/p>\n<p><strong>Caracter\u00edsticas<\/strong>: El presente acuerdo tiene como objetivo establecer un sistema dual Pr\u00e1ctico-Educativo que permite a estudiantes de la FAU un avance significativo en su educaci\u00f3n y posicionamiento en el inicio de su profesi\u00f3n mediante la utilizaci\u00f3n de la tecnolog\u00eda disponible en los distintos organismos p\u00fablicos y privados.<\/p>\n<p><strong>En Vigencia<\/strong>\u00a0desde fecha:21 De Febrero 2017, Duraci\u00f3n 2 a\u00f1os con renovaci\u00f3n autom\u00e1tica.<\/td>\n<\/tr>\n<tr>\n<td>11<\/td>\n<td><b>Convenio de Pasant\u00eda entre la Facultad de Arquitectura y Urbanismo de la UNT\u00a0 y la Empresa CARTOCOR SA<\/b>&nbsp;<\/p>\n<p><strong>Caracter\u00edsticas<\/strong>: El presente acuerdo tiene como objetivo establecer un sistema dual Pr\u00e1ctico-Educativo que permite a estudiantes de la FAU un avance significativo en su educaci\u00f3n y posicionamiento en el inicio de su profesi\u00f3n mediante la utilizaci\u00f3n de la tecnolog\u00eda disponible en los distintos organismos p\u00fablicos y privados.<\/p>\n<p><strong>En Vigencia<\/strong>\u00a0desde fecha:21 De Febrero 2017, Duraci\u00f3n 2 a\u00f1os con renovaci\u00f3n autom\u00e1tica.<\/td>\n<\/tr>\n<tr>\n<td>11<\/td>\n<td><b>Convenio de Pasant\u00eda entre la Facultad de Arquitectura y Urbanismo de la UNT\u00a0 y la Empresa CARTOCOR SA<\/b>&nbsp;<\/p>\n<p><strong>Caracter\u00edsticas<\/strong>: El presente acuerdo tiene como objetivo establecer un sistema dual Pr\u00e1ctico-Educativo que permite a estudiantes de la FAU un avance significativo en su educaci\u00f3n y posicionamiento en el inicio de su profesi\u00f3n mediante la utilizaci\u00f3n de la tecnolog\u00eda disponible en los distintos organismos p\u00fablicos y privados.<\/p>\n<p><strong>En Vigencia<\/strong>\u00a0desde fecha:21 De Febrero 2017, Duraci\u00f3n 2 a\u00f1os con renovaci\u00f3n autom\u00e1tica.<\/td>\n<\/tr>\n<tr>\n<td>12<\/td>\n<td><b>Convenio de Pasant\u00eda entre la Facultad de Arquitectura y Urbanismo de la UNT\u00a0 y la Empresa BAGLEY ARGENTINA SA<\/b>&nbsp;<\/p>\n<p><strong>Caracter\u00edsticas<\/strong>: . El presente acuerdo tiene como objetivo establecer un sistema dual Pr\u00e1ctico-Educativo que permite a estudiantes de la FAU un avance significativo en su educaci\u00f3n y posicionamiento en el inicio de su profesi\u00f3n mediante la utilizaci\u00f3n de la tecnolog\u00eda disponible en los distintos organismos p\u00fablicos y privados.<\/p>\n<p><strong>En Vigencia<\/strong>\u00a0desde fecha: 21 de Febrero 2017 Duraci\u00f3n 2 a\u00f1os con renovaci\u00f3n autom\u00e1tica por igual per\u00edodo.<\/td>\n<\/tr>\n<tr>\n<td>13<\/td>\n<td><strong>Acta Acuerdo Espec\u00edfico de Pr\u00e1ctica Supervisada entre la Facultad de Arquitectura y Urbanismo de la UNT y el Estudio de Arquitectura KRAUS<\/strong>&nbsp;<\/p>\n<p><strong>Caracter\u00edsticas<\/strong>: El presente acuerdo tiene como objetivo establecer un sistema dual Pr\u00e1ctico-Educativo que permite a estudiantes de la FAU un avance significativo en su educaci\u00f3n y posicionamiento en el inicio de su profesi\u00f3n mediante la utilizaci\u00f3n de la tecnolog\u00eda disponible en los distintos organismos p\u00fablicos y privados.<\/p>\n<p><strong>En Vigencia<\/strong>\u00a0desde fecha: 08 de Mayo de 2017, duraci\u00f3n 2 a\u00f1os, se considerara autom\u00e1ticamente renovado por igual per\u00edodo.<\/td>\n<\/tr>\n<tr>\n<td>14<\/td>\n<td><strong>Acta Acuerdo Espec\u00edfico de Pr\u00e1ctica Supervisada entre la Facultad de Arquitectura y Urbanismo de la UNT y el Estudio de Arquitectura\u00a0ATENCIA GUALDA<\/strong>.&nbsp;<\/p>\n<p><strong>Caracter\u00edsticas:\u00a0<\/strong>El presente acuerdo tiene como objetivo establecer un sistema dual Pr\u00e1ctico-Educativo que permite a estudiantes de la FAU un avance significativo en su educaci\u00f3n y posicionamiento en el inicio de su profesi\u00f3n mediante la utilizaci\u00f3n de la tecnolog\u00eda disponible en los distintos organismos p\u00fablicos y privados.<\/p>\n<p><strong>En Vigencia<\/strong>\u00a0desde fecha: 08 de Mayo de 2017, duraci\u00f3n 2 a\u00f1os, se considerara autom\u00e1ticamente renovado por igual per\u00edodo.<\/td>\n<\/tr>\n<tr>\n<td>15<\/td>\n<td><strong>Acta Acuerdo Espec\u00edfico de Pr\u00e1ctica Supervisada entre la Facultad de Arquitectura y Urbanismo de la UNT y el Estudio de Arquitectura\u00a0<\/strong><strong>GS ARQUITECTURA<\/strong>&nbsp;<\/p>\n<p><strong>Caracter\u00edsticas:\u00a0<\/strong>El presente acuerdo tiene como objetivo establecer un sistema dual Pr\u00e1ctico-Educativo que permite a estudiantes de la FAU un avance significativo en su educaci\u00f3n y posicionamiento en el inicio de su profesi\u00f3n mediante la utilizaci\u00f3n de la tecnolog\u00eda disponible en los distintos organismos p\u00fablicos y privados.<\/p>\n<p><strong>En Vigencia<\/strong>\u00a0desde fecha: 08 de Mayo de 2017, duraci\u00f3n 2 a\u00f1os, se considerara autom\u00e1ticamente renovado por igual per\u00edodo.<\/td>\n<\/tr>\n<tr>\n<td>16<\/td>\n<td><strong>Acta Acuerdo entre la Facultad de Arquitectura y Urbanismo de la UNT y la Asociaci\u00f3n para la Promoci\u00f3n de la Cultura Popular<\/strong>&nbsp;<\/p>\n<p>&nbsp;<\/td>\n<\/tr>\n<tr>\n<td>17<\/td>\n<td><strong>Acta Acuerdo Espec\u00edfico de Pr\u00e1ctica Supervisada entre la Facultad de Arquitectura y Urbanismo de la UNT y el Estudio de Arquitectura\u00a0<\/strong><strong>FRANCISCO ROCHA<\/strong>&nbsp;<\/p>\n<p><strong>Caracter\u00edsticas:\u00a0<\/strong>El presente acuerdo tiene como objetivo establecer un sistema dual Pr\u00e1ctico-Educativo que permite a estudiantes de la FAU un avance significativo en su educaci\u00f3n y posicionamiento en el inicio de su profesi\u00f3n mediante la utilizaci\u00f3n de la tecnolog\u00eda disponible en los distintos organismos p\u00fablicos y privados.<\/p>\n<p><strong>En Vigencia<\/strong>\u00a0desde fecha: 08 de Mayo de 2017, duraci\u00f3n 2 a\u00f1os, se considerara autom\u00e1ticamente renovado por igual per\u00edodo.<\/td>\n<\/tr>\n<tr>\n<td>18<\/td>\n<td><strong>Acta Acuerdo espec\u00edfica entre la Facultad de Arquitectura y Urbanismo de la UNT y la Municipalidad de Yerba Buena<\/strong>&nbsp;<\/p>\n<p><strong>Caracter\u00edsticas:\u00a0<\/strong>El presente Acuerdo tiene como objetivo, ccooperar conjuntamente en la articulaci\u00f3n e implementaci\u00f3n de las acciones realizadas por la Electiva Sonido y H\u00e1bitat de la C\u00e1tedra Acondicionamiento Ambiental II de la FAU de la UNT en lo referente a Contaminaci\u00f3n Ac\u00fastica dentro del ejido municipal.<\/p>\n<p><strong>En Vigencia<\/strong>\u00a0desde fecha: 23 de Octubre de 2017, tendr\u00e1 una duraci\u00f3n de dos (2) a\u00f1os, a partir de la fecha de su firma. Se considerar\u00e1 autom\u00e1ticamente renovado por igual periodo.<\/td>\n<\/tr>\n<tr>\n<td>19<\/td>\n<td><strong>Acta Acuerdo Espec\u00edfico de Pr\u00e1ctica Supervisada entre la Facultad de Arquitectura y Urbanismo de la UNT y el Estudio de Arquitectura\u00a0<\/strong><strong>BRUT ARQUITECTOS<\/strong>&nbsp;<\/p>\n<p><strong>Caracter\u00edsticas:\u00a0<\/strong>El presente acuerdo tiene como objetivo establecer un sistema dual Pr\u00e1ctico-Educativo que permite a estudiantes de la FAU un avance significativo en su educaci\u00f3n y posicionamiento en el inicio de su profesi\u00f3n mediante la utilizaci\u00f3n de la tecnolog\u00eda disponible en los distintos organismos p\u00fablicos y privados.<\/p>\n<p><strong>En Vigencia<\/strong>\u00a0desde fecha: 23 de Octubre de 2017, duraci\u00f3n 2 a\u00f1os, se considerara autom\u00e1ticamente renovado por igual per\u00edodo<\/td>\n<\/tr>\n<tr>\n<td>20<\/td>\n<td><strong>Acta Acuerdo Espec\u00edfico de Pr\u00e1ctica Supervisada entre la Facultad de Arquitectura y Urbanismo de la UNT y el Estudio de Arquitectura\u00a0<\/strong><strong>N\u00d3MADE<\/strong>&nbsp;<\/p>\n<p><strong>Caracter\u00edsticas:\u00a0<\/strong>El presente acuerdo tiene como objetivo establecer un sistema dual Pr\u00e1ctico-Educativo que permite a estudiantes de la FAU un avance significativo en su educaci\u00f3n y posicionamiento en el inicio de su profesi\u00f3n mediante la utilizaci\u00f3n de la tecnolog\u00eda disponible en los distintos organismos p\u00fablicos y privados.<\/p>\n<p><strong>En Vigencia<\/strong>\u00a0desde fecha: 08 de Mayo de 2017, duraci\u00f3n 2 a\u00f1os, se considerara autom\u00e1ticamente renovado por igual per\u00edodo.<\/td>\n<\/tr>\n<tr>\n<td>21<\/td>\n<td><strong>Acta Acuerdo Espec\u00edfico de Pr\u00e1ctica Supervisada entre la Facultad de Arquitectura y Urbanismo de la UNT y el Estudio de Arquitectura\u00a0<\/strong><strong>EDGARDO ALBO<\/strong>&nbsp;<\/p>\n<p><strong>Caracter\u00edsticas:\u00a0<\/strong>El presente acuerdo tiene como objetivo establecer un sistema dual Pr\u00e1ctico-Educativo que permite a estudiantes de la FAU un avance significativo en su educaci\u00f3n y posicionamiento en el inicio de su profesi\u00f3n mediante la utilizaci\u00f3n de la tecnolog\u00eda disponible en los distintos organismos p\u00fablicos y privados.<\/p>\n<p><strong>En Vigencia<\/strong>\u00a0desde fecha: 08 de Mayo de 2017, duraci\u00f3n 2 a\u00f1os, se considerara autom\u00e1ticamente renovado por igual per\u00edodo.<\/td>\n<\/tr>\n<tr>\n<td>22<\/td>\n<td><b>Convenio de Pasant\u00eda entre la Facultad de Arquitectura y Urbanismo de la UNT\u00a0 y la Empresa\u00a0<\/b><strong>SAXUM SRL.<\/strong>&nbsp;<\/p>\n<p><strong>Caracter\u00edsticas:\u00a0<\/strong>El presente acuerdo tiene como objetivo complementar la formaci\u00f3n te\u00f3rico practica recibida en la Facultad, integrar a los j\u00f3venes en grupos sociales laborales, posibilitar a los estudiantes complementar su proceso educativo a partir de la inserci\u00f3n en un medio laboral concreto y aplicar los conocimientos adquiridos<\/p>\n<p><b>En Vigencia\u00a0<\/b>desde fecha, 23 de Octubre de 2017, con una duraci\u00f3n de 2 a\u00f1os y se considera autom\u00e1ticamente renovado por igual per\u00edodo.<\/td>\n<\/tr>\n<tr>\n<td>23<\/td>\n<td><b>Convenio\u00a0<\/b><strong>Marco de Colaboraci\u00f3n entre la Universidad Nacional de Tucum\u00e1n y la C\u00c1MARA ARGENTINA DE LA CONSTRUCCION<\/strong>&nbsp;<\/p>\n<p><strong>Caracter\u00edsticas:\u00a0<\/strong>El presente acuerdo tiene como objetivo la programaci\u00f3n y el desarrollo de actividades de complementaci\u00f3n, cooperaci\u00f3n que resulten de inter\u00e9s para ambas instituciones y colaboraci\u00f3n, asistencia t\u00e9cnica y cooperaci\u00f3n que resulten de inter\u00e9s para ambas instituciones y que contribuyan al mejor cumplimiento de sus respectivos objetivos.<\/p>\n<p><strong>En vigencia<\/strong>: desde 17 de Agosto de 2017 y regir\u00e1 por tiempo indeterminado.<\/td>\n<\/tr>\n<tr>\n<td>23<\/td>\n<td><b>Convenio\u00a0<\/b><strong>Marco de Colaboraci\u00f3n entre la Universidad Nacional de Tucum\u00e1n y la C\u00c1MARA ARGENTINA DE LA CONSTRUCCION<\/strong>&nbsp;<\/p>\n<p><strong>Caracter\u00edsticas:\u00a0<\/strong>El presente acuerdo tiene como objetivo la programaci\u00f3n y el desarrollo de actividades de complementaci\u00f3n, cooperaci\u00f3n que resulten de inter\u00e9s para ambas instituciones y colaboraci\u00f3n, asistencia t\u00e9cnica y cooperaci\u00f3n que resulten de inter\u00e9s para ambas instituciones y que contribuyan al mejor cumplimiento de sus respectivos objetivos.<\/p>\n<p><strong>En vigencia<\/strong>: desde 17 de Agosto de 2017 y regir\u00e1 por tiempo indeterminado.<\/td>\n<\/tr>\n<tr>\n<td>23<\/td>\n<td><b>Convenio\u00a0<\/b><strong>Marco de Colaboraci\u00f3n entre la Universidad Nacional de Tucum\u00e1n y la C\u00c1MARA ARGENTINA DE LA CONSTRUCCION<\/strong>&nbsp;<\/p>\n<p><strong>Caracter\u00edsticas:\u00a0<\/strong>El presente acuerdo tiene como objetivo la programaci\u00f3n y el desarrollo de actividades de complementaci\u00f3n, cooperaci\u00f3n que resulten de inter\u00e9s para ambas instituciones y colaboraci\u00f3n, asistencia t\u00e9cnica y cooperaci\u00f3n que resulten de inter\u00e9s para ambas instituciones y que contribuyan al mejor cumplimiento de sus respectivos objetivos.<\/p>\n<p><strong>En vigencia<\/strong>: desde 17 de Agosto de 2017 y regir\u00e1 por tiempo indeterminado.<\/td>\n<\/tr>\n<tr>\n<td>23<\/td>\n<td><b>Convenio\u00a0<\/b><strong>Marco de Colaboraci\u00f3n entre la Universidad Nacional de Tucum\u00e1n y la C\u00c1MARA ARGENTINA DE LA CONSTRUCCION<\/strong>&nbsp;<\/p>\n<p><strong>Caracter\u00edsticas:\u00a0<\/strong>El presente acuerdo tiene como objetivo la programaci\u00f3n y el desarrollo de actividades de complementaci\u00f3n, cooperaci\u00f3n que resulten de inter\u00e9s para ambas instituciones y colaboraci\u00f3n, asistencia t\u00e9cnica y cooperaci\u00f3n que resulten de inter\u00e9s para ambas instituciones y que contribuyan al mejor cumplimiento de sus respectivos objetivos.<\/p>\n<p><strong>En vigencia<\/strong>: desde 17 de Agosto de 2017 y regir\u00e1 por tiempo indeterminado.<\/td>\n<\/tr>\n<tr>\n<td>24<\/td>\n<td><b>Convenio\u00a0<\/b><strong>Marco de Colaboraci\u00f3n entre la Universidad Nacional de Tucum\u00e1n y la\u00a0<\/strong><strong>Universidad Privada de TACNA Per\u00fa, (UPT)<\/strong>&nbsp;<\/p>\n<p><strong>Caracter\u00edsticas:\u00a0<\/strong>El presente acuerdo tiene como objetivo establecer los lineamientos y directivas generales que sirvan para iniciar, regular y desarrollar la cooperaci\u00f3n entre la UPT y la\u00a0 UNT, en proyectos, programas y actividades de car\u00e1cter acad\u00e9mico y cultural, de investigaci\u00f3n y asesoramiento, siempre que sean de inter\u00e9s com\u00fan para las partes.<\/p>\n<p><strong>En vigencia:\u00a0<\/strong>desde 06 de Noviembre de 2017 y tendr\u00e1 una vigencia indefinida<\/td>\n<\/tr>\n<tr>\n<td>25<\/td>\n<td><strong>Acta Acuerdo entre la Facultad de Arquitectura y Urbanismo de la UNT y la Facultad de Arquitectura y Urbanismo de la Universidad Privada de TACNA Per\u00fa<\/strong>&nbsp;<\/p>\n<p><strong>Caracter\u00edsticas:<\/strong>\u00a0El presente acuerdo tiene como objetivo establecer las condiciones de mutua colaboraci\u00f3n acad\u00e9mica entre las entidades firmantes para realizar en forma conjunta actividades acad\u00e9mica-formativas de investigaci\u00f3n y de extensi\u00f3n y responsabilidad social.<\/p>\n<p><strong>En vigencia<\/strong>: desde fecha 17 de Noviembre de 2020, con una duraci\u00f3n de 2 a\u00f1os y se considera autom\u00e1ticamente renovado por igual per\u00edodo.<\/td>\n<\/tr>\n<tr>\n<td>26<\/td>\n<td><strong>Acta Acuerdo entre la Facultad de Arquitectura y Urbanismo de la UNT y la Municipalidad de San Miguel de Tucum\u00e1n. Refuncionalizaci\u00f3n de la Ex Casa SUCAR<\/strong><strong>\u00a0<\/strong>&nbsp;<\/p>\n<p><strong>Caracter\u00edsticas:\u00a0<\/strong>El presente acuerdo tiene como objetivo establecer las condiciones de colaboraci\u00f3n entre las entidades firmantes para favorecer el desarrollo del Proyecto de Refuncionalizaci\u00f3n y Puesta en Valor\u00a0 de la Ex Casa Sucar, el que ser\u00e1 realizado por la Municipalidad con el asesoramiento de la Facultad a trav\u00e9s del Instituto de Historia y Patrimonio.<\/p>\n<p><strong>En vigencia<\/strong>: desde fecha 21 de Noviembre de 2017, con una duraci\u00f3n de 2 a\u00f1os a partir de la fecha de su firma y podr\u00e1 ser autom\u00e1ticamente\u00a0 renovado por igual periodo.<\/td>\n<\/tr>\n<tr>\n<td>27<\/td>\n<td><strong>Acta Acuerdo entre la Facultad de Arquitectura y Urbanismo de la UNT y la Municipalidad de San Miguel de Tucum\u00e1n<\/strong>&nbsp;<\/p>\n<p><strong>Caracter\u00edsticas:\u00a0<\/strong>El presente acuerdo tiene como objetivo establecer las condiciones de colaboraci\u00f3n entre las entidades firmantes para favorecer el desarrollo de los siguientes Proyectos:<\/p>\n<ul>\n<li>Remodelaci\u00f3n y Puesta en Valor del Edificio del Mercado del Norte, (superficie cubierta aproximadamente 7500 m2).<\/li>\n<li>Remodelaci\u00f3n, Ampliaci\u00f3n y Puesta en Valor del Edificio del Ex Palacio de los Deportes en el Parque 9 de Julio, (Superficie cubierta aproximadamente 7000 m2), los que ser\u00e1n realizados por la Municipalidad, con el asesoramiento de la Facultad.<\/li>\n<\/ul>\n<p><strong>En Vigencia<\/strong>\u00a0desde fecha: 13 de Diciembre de 2017, con una duraci\u00f3n de 2 a\u00f1os a partir de la fecha de su firma y podr\u00e1 ser autom\u00e1ticamente renovado por igual periodo<\/td>\n<\/tr>\n<tr>\n<td>28<\/td>\n<td><strong>Acta Acuerdo Espec\u00edfico para la Pr\u00e1ctica Supervisada entre la\u00a0<\/strong><strong>Facultad de Arquitectura y Urbanismo de la UNT\u00a0 y el Estudio de Arquitectura FIDEICOMISO CH465<\/strong>&nbsp;<\/p>\n<p><strong>\u00a0<\/strong><strong>Caracter\u00edsticas:\u00a0<\/strong>El presente acuerdo tiene como objetivo establecer las condiciones de colaboraci\u00f3n, para la implementaci\u00f3n de la \u201cPr\u00e1ctica Supervisada\u201d, de estudiantes de Arquitectura, en el Estudio\/ Empresa<\/p>\n<p><strong>En Vigencia<\/strong>\u00a0desde fecha: 01 Septiembre de 2017, con una duracion de 2 a\u00f1os a partir de la fecha de su firma y podra ser autom\u00e1ticamente\u00a0 renovado por igual periodo..<\/td>\n<\/tr>\n<tr>\n<td>29<\/td>\n<td><strong>Acta Acuerdo Espec\u00edfico para la Pr\u00e1ctica Supervisada entre la\u00a0<\/strong><strong>Facultad de Arquitectura y Urbanismo de la UNT\u00a0 y el Estudio de Arquitectura\u00a0<\/strong><strong>ARQUI3<\/strong>&nbsp;<\/p>\n<p><strong>\u00a0<\/strong><strong>Caracter\u00edsticas:\u00a0<\/strong>El presente acuerdo tiene como objetivo establecer las condiciones de colaboraci\u00f3n, para la implementaci\u00f3n de la \u201cPr\u00e1ctica Supervisada\u201d, de estudiantes de Arquitectura, en el Estudio\/ Empresa<\/p>\n<p><strong>En Vigencia<\/strong>\u00a0desde fecha: 01 Septiembre de 2017, con una duracion de 2 a\u00f1os a partir de la fecha de su firma y podra ser autom\u00e1ticamente\u00a0 renovado por igual periodo.<\/td>\n<\/tr>\n<tr>\n<td>30<\/td>\n<td><strong>Ampliaci\u00f3n del Convenio para Intercambio Acad\u00e9mico y de Cooperaci\u00f3n entre la Facultad de Arquitectura y Urbanismo de la UNT y la Facultad de Arquitectura y Paisaje de la Leibnz Universitat Hannover, Alemania.<\/strong>&nbsp;<\/p>\n<p><strong>\u00a0<\/strong><strong>Caracter\u00edsticas:<\/strong>\u00a0El presente acuerdo tiene como objetivo basarse en los principios de mutuo beneficio y respeto de la independencia de las partes, las dos instituciones promover\u00e1n: a) intercambio de estudiantes, personal\u00a0acad\u00e9mico y administrativo, b) actividades de investigaci\u00f3n conjunta, c) intercambio de material acad\u00e9mico.<\/p>\n<p><strong>En Vigencia<\/strong>\u00a0desde fecha: 09 de Agosto de 2018, duraci\u00f3n de 2 a\u00f1os, se considerara autom\u00e1ticamente renovado por igual per\u00edodo.<\/td>\n<\/tr>\n<tr>\n<td>31<\/td>\n<td><strong>Acta Acuerdo Espec\u00edfica entre la Facultad de Arquitectura y Urbanismo de la UNT\u00a0 y la Municipalidad de San Miguel de Tucum\u00e1n.<\/strong>&nbsp;<\/p>\n<p>Caracter\u00edsticas: El presente acuerdo tiene como objetivo cooperar conjuntamente en la articulaci\u00f3n e implementaci\u00f3n de las acciones realizadas por la Electiva Sonido y H\u00e1bitat de la C\u00e1tedra Acondicionamiento Ambiental II de la facultad y la direcci\u00f3n de control Ambiental y Bromatolog\u00eda de la Municipalidad, en lo referente a Contaminaci\u00f3n Ac\u00fastica dentro del ejido municipal.<\/p>\n<p><strong>En Vigencia<\/strong>\u00a0desde fecha: 05 de Marzo de 2018, duraci\u00f3n de 2 a\u00f1os, se considerara autom\u00e1ticamente renovado por igual per\u00edodo.<\/td>\n<\/tr>\n<tr>\n<td>32<\/td>\n<td><strong>Acta Acuerdo entre la Facultad de Arquitectura y Urbanismo de\u00a0 la UNT y la Municipalidad de San Miguel de Tucum\u00e1n.<\/strong>&nbsp;<\/p>\n<p><strong>\u00a0<\/strong><strong>Caracter\u00edsticas:<\/strong>\u00a0El presente acuerdo tiene como objetivo iniciar y mantener un sistema de cooperaci\u00f3n e intercambio en beneficio de ambas instituciones, en temas relacionados con objetivos comunes a ambas partes.<\/p>\n<p><strong>En vigencia<\/strong>: desde fecha 20 de Abril de 2018, duraci\u00f3n de 2 a\u00f1os, se considerara autom\u00e1ticamente renovado por igual per\u00edodo.<\/td>\n<\/tr>\n<tr>\n<td>33<\/td>\n<td><strong>Acta Acuerdo Espec\u00edfico para la Pr\u00e1ctica Supervisada entre la\u00a0<\/strong><strong>Facultad de Arquitectura y Urbanismo de la UNT\u00a0 y la\u00a0<\/strong><strong>Empresa\u00a0 CARMELO SG CONSTRUCCIONES.<\/strong>&nbsp;<\/p>\n<p><strong>\u00a0<\/strong><strong>Caracter\u00edsticas:\u00a0<\/strong>El presente acuerdo tiene como objetivo establecer las condiciones de colaboraci\u00f3n, para la implementaci\u00f3n de la \u201cPr\u00e1ctica Supervisada\u201d, de estudiantes de Arquitectura, en el Estudio\/ Empresa<\/p>\n<p><strong>En Vigencia<\/strong>\u00a0desde fecha: 03 de Mayo de 2018, con una duraci\u00f3n de 2 a\u00f1os a partir de la fecha de su firma y podr\u00e1 ser autom\u00e1ticamente\u00a0 renovado por igual periodo.<\/td>\n<\/tr>\n<tr>\n<td>34<\/td>\n<td><strong>Acta Acuerdo Espec\u00edfico para la Pr\u00e1ctica Supervisada entre la\u00a0<\/strong><strong>Facultad de Arquitectura y Urbanismo de la UNT\u00a0 y la\u00a0<\/strong><strong>\u00a0Direcci\u00f3n General del Servicio Penitenciario de Tucum\u00e1n.\u00a0<\/strong>&nbsp;<\/p>\n<p><strong>\u00a0<\/strong><strong>Caracter\u00edsticas:\u00a0<\/strong>El presente acuerdo tiene como objetivo establecer las condiciones de colaboraci\u00f3n, para la implementaci\u00f3n de la \u201cPr\u00e1ctica Supervisada\u201d, de estudiantes de Arquitectura, en el Estudio\/ Empresa<\/p>\n<p><strong>En Vigencia<\/strong>\u00a0desde fecha: 03 de Mayo de 2018, con una duraci\u00f3n de 2 a\u00f1os a partir de la fecha de su firma y podr\u00e1 ser autom\u00e1ticamente\u00a0 renovado por igual periodo.<\/td>\n<\/tr>\n<tr>\n<td>35<\/td>\n<td><strong>Acta Acuerdo Espec\u00edfico para la Pr\u00e1ctica Supervisada entre la\u00a0<\/strong><strong>Facultad de Arquitectura y Urbanismo de la UNT\u00a0 y la\u00a0<\/strong><strong>Empresa\u00a0<\/strong><strong>Silva SRL.<\/strong>&nbsp;<\/p>\n<p><strong>\u00a0<\/strong><strong>Caracter\u00edsticas:\u00a0<\/strong>El presente acuerdo tiene como objetivo establecer las condiciones de colaboraci\u00f3n, para la implementaci\u00f3n de la \u201cPr\u00e1ctica Supervisada\u201d, de estudiantes de Arquitectura, en el Estudio\/ Empresa<\/p>\n<p><strong>En Vigencia<\/strong>\u00a0desde fecha: 03 de Mayo de 2018, con una duraci\u00f3n de 2 a\u00f1os a partir de la fecha de su firma y podr\u00e1 ser autom\u00e1ticamente\u00a0 renovado por igual periodo.<\/td>\n<\/tr>\n<tr>\n<td>36<\/td>\n<td><strong>Acta Acuerdo Espec\u00edfico para la Pr\u00e1ctica Supervisada entre la Facultad de Arquitectura y Urbanismo de la UNT\u00a0 y la Empresa\u00a0 Constructora Zarlenga E. Marcio.\u00a0<\/strong>&nbsp;<\/p>\n<p><strong>\u00a0<\/strong><strong>Caracter\u00edsticas:\u00a0<\/strong>El presente acuerdo tiene como objetivo establecer las condiciones de colaboraci\u00f3n, para la implementaci\u00f3n de la \u201cPr\u00e1ctica Supervisada\u201d, de estudiantes de Arquitectura, en el Estudio\/ Empresa<\/p>\n<p><strong>En Vigencia<\/strong>\u00a0desde fecha: 03 de Mayo de 2018, con una duraci\u00f3n de 2 a\u00f1os a partir de la fecha de su firma y podr\u00e1 ser autom\u00e1ticamente\u00a0 renovado por igual periodo.<\/td>\n<\/tr>\n<tr>\n<td>37<\/td>\n<td><strong>Acta Acuerdo Espec\u00edfico para la Pr\u00e1ctica Supervisada entre la Facultad de Arquitectura y Urbanismo de la UNT\u00a0 y la Empresa\u00a0<\/strong><strong>Inmobiliaria y Emprendimientos S. A. Germ\u00e1n Schilman.<\/strong>&nbsp;<\/p>\n<p><strong>\u00a0<\/strong><strong>Caracter\u00edsticas:\u00a0<\/strong>El presente acuerdo tiene como objetivo establecer las condiciones de colaboraci\u00f3n, para la implementaci\u00f3n de la \u201cPr\u00e1ctica Supervisada\u201d, de estudiantes de Arquitectura, en el Estudio\/ Empresa<\/p>\n<p><strong>En Vigencia<\/strong>\u00a0desde fecha: 03 de Mayo de 2018, con una duraci\u00f3n de 2 a\u00f1os a partir de la fecha de su firma y podr\u00e1 ser autom\u00e1ticamente\u00a0 renovado por igual periodo.<\/td>\n<\/tr>\n<tr>\n<td>38<\/td>\n<td><strong>Acta Acuerdo Espec\u00edfico para la Pr\u00e1ctica Supervisada entre la Facultad de Arquitectura y Urbanismo de la UNT\u00a0 y el Estudio Concept Arquitectura<\/strong><strong>\u00a0<\/strong>&nbsp;<\/p>\n<p><strong>Caracter\u00edsticas:\u00a0<\/strong>El presente acuerdo tiene como objetivo establecer las condiciones de colaboraci\u00f3n, para la implementaci\u00f3n de la \u201cPr\u00e1ctica Supervisada\u201d, de estudiantes de Arquitectura, en el Estudio\/ Empresa<\/p>\n<p><strong>En Vigencia<\/strong>\u00a0desde fecha: 03 de Mayo de 2018, con una duraci\u00f3n de 2 a\u00f1os a partir de la fecha de su firma y podr\u00e1 ser autom\u00e1ticamente\u00a0 renovado por igual periodo.<\/td>\n<\/tr>\n<tr>\n<td>38<\/td>\n<td><strong>Acta Acuerdo Espec\u00edfico para la Pr\u00e1ctica Supervisada entre la Facultad de Arquitectura y Urbanismo de la UNT\u00a0 y el Estudio Concept Arquitectura<\/strong><strong>\u00a0<\/strong>&nbsp;<\/p>\n<p><strong>Caracter\u00edsticas:\u00a0<\/strong>El presente acuerdo tiene como objetivo establecer las condiciones de colaboraci\u00f3n, para la implementaci\u00f3n de la \u201cPr\u00e1ctica Supervisada\u201d, de estudiantes de Arquitectura, en el Estudio\/ Empresa<\/p>\n<p><strong>En Vigencia<\/strong>\u00a0desde fecha: 03 de Mayo de 2018, con una duraci\u00f3n de 2 a\u00f1os a partir de la fecha de su firma y podr\u00e1 ser autom\u00e1ticamente\u00a0 renovado por igual periodo.<\/td>\n<\/tr>\n<tr>\n<td>39<\/td>\n<td><strong>Acta Acuerdo Espec\u00edfico para la Pr\u00e1ctica Supervisada entre la Facultad de Arquitectura y Urbanismo de la UNT\u00a0 y el Estudio de Arquitectura\u00a0<\/strong><strong>MARTORELL ALONSO, MARTORELL ARQUITECTOS.<\/strong>&nbsp;<\/p>\n<p><strong>Caracter\u00edsticas:\u00a0<\/strong>El presente acuerdo tiene como objetivo establecer las condiciones de colaboraci\u00f3n, para la implementaci\u00f3n de la \u201cPr\u00e1ctica Supervisada\u201d, de estudiantes de Arquitectura, en el Estudio\/ Empresa<\/p>\n<p><strong>En Vigencia<\/strong>\u00a0desde fecha: 03 de Mayo de 2018, con una duraci\u00f3n de 2 a\u00f1os a partir de la fecha de su firma y podr\u00e1 ser autom\u00e1ticamente\u00a0 renovado por igual periodo.<\/td>\n<\/tr>\n<tr>\n<td>40<\/td>\n<td><strong>Acta Acuerdo Espec\u00edfico para la Pr\u00e1ctica Supervisada entre la Facultad de Arquitectura y Urbanismo de la UNT\u00a0 y el Estudio\u00a0<\/strong><strong>METRO CUADRADO.<\/strong>&nbsp;<\/p>\n<p><strong>\u00a0<\/strong><strong>Caracter\u00edsticas:\u00a0<\/strong>El presente acuerdo tiene como objetivo establecer las condiciones de colaboraci\u00f3n, para la implementaci\u00f3n de la \u201cPr\u00e1ctica Supervisada\u201d, de estudiantes de Arquitectura, en el Estudio\/ Empresa<\/p>\n<p><strong>En Vigencia<\/strong>\u00a0desde fecha: 03 de Mayo de 2018, con una duraci\u00f3n de 2 a\u00f1os a partir de la fecha de su firma y podr\u00e1 ser autom\u00e1ticamente\u00a0 renovado por igual periodo.<\/td>\n<\/tr>\n<tr>\n<td>41<\/td>\n<td><strong>Acta Acuerdo Espec\u00edfico para la Pr\u00e1ctica Supervisada entre la Facultad de Arquitectura y Urbanismo de la UNT\u00a0 y el Estudio de Arquitectura\u00a0<\/strong><strong>PROYECTISTA-<\/strong>&nbsp;<\/p>\n<p><strong>\u00a0<\/strong><strong>Caracter\u00edsticas:\u00a0<\/strong>El presente acuerdo tiene como objetivo establecer las condiciones de colaboraci\u00f3n, para la implementaci\u00f3n de la \u201cPr\u00e1ctica Supervisada\u201d, de estudiantes de Arquitectura, en el Estudio\/ Empresa<\/p>\n<p><strong>En Vigencia<\/strong>\u00a0desde fecha: 03 de Mayo de 2018, con una duraci\u00f3n de 2 a\u00f1os a partir de la fecha de su firma y podr\u00e1 ser autom\u00e1ticamente\u00a0 renovado por igual periodo.<\/td>\n<\/tr>\n<tr>\n<td>42<\/td>\n<td><strong>Acta Acuerdo Espec\u00edfico para la Pr\u00e1ctica Supervisada entre la Facultad de Arquitectura y Urbanismo de la UNT\u00a0 y el Estudio de\u00a0<\/strong><strong>ARQUITECTURA ARQ. AGUIRRE + VAZQUEZ.<\/strong>&nbsp;<\/p>\n<p><strong>\u00a0<\/strong><strong>Caracter\u00edsticas:\u00a0<\/strong>El presente acuerdo tiene como objetivo establecer las condiciones de colaboraci\u00f3n, para la implementaci\u00f3n de la \u201cPr\u00e1ctica Supervisada\u201d, de estudiantes de Arquitectura, en el Estudio\/ Empresa<\/p>\n<p><strong>En Vigencia<\/strong>\u00a0desde fecha: 03 de Mayo de 2018, con una duraci\u00f3n de 2 a\u00f1os a partir de la fecha de su firma y podr\u00e1 ser autom\u00e1ticamente\u00a0 renovado por igual periodo.<\/td>\n<\/tr>\n<tr>\n<td>43<\/td>\n<td><strong>Acta Acuerdo Espec\u00edfico para la Pr\u00e1ctica Supervisada entre la Facultad de Arquitectura y Urbanismo de la UNT\u00a0 y el Estudio de\u00a0<\/strong><strong>Arquitectura CAMPOPIANO<\/strong>&nbsp;<\/p>\n<p><strong>\u00a0<\/strong><strong>Caracter\u00edsticas:\u00a0<\/strong>El presente acuerdo tiene como objetivo establecer las condiciones de colaboraci\u00f3n, para la implementaci\u00f3n de la \u201cPr\u00e1ctica Supervisada\u201d, de estudiantes de Arquitectura, en el Estudio\/ Empresa<\/p>\n<p><strong>En Vigencia<\/strong>\u00a0desde fecha: 03 de Mayo de 2018, con una duraci\u00f3n de 2 a\u00f1os a partir de la fecha de su firma y podr\u00e1 ser autom\u00e1ticamente\u00a0 renovado por igual periodo<\/td>\n<\/tr>\n<tr>\n<td>44<\/td>\n<td><strong>Convenio de Pasant\u00eda entre la Facultad de Arquitectura y Urbanismo de la UNT y la Empresa MACROTECH CONSTRUCCIONES SRL.<\/strong>&nbsp;<\/p>\n<p><strong>\u00a0<\/strong><strong>Caracter\u00edsticas:\u00a0<\/strong>El presente acuerdo tiene como objetivo establecer un sistema dual Pr\u00e1ctico-Educativo que permite a estudiantes de la FAU un avance significativo en su educaci\u00f3n y posicionamiento en el inicio de su profesi\u00f3n mediante la utilizaci\u00f3n de la tecnolog\u00eda disponible en los distintos organismos p\u00fablicos y privados.<\/p>\n<p><strong>En Vigencia<\/strong>\u00a0desde fecha: 01 de Junio de 2018, duraci\u00f3n de 2 a\u00f1os, se considerara autom\u00e1ticamente renovado por igual per\u00edodo.<\/td>\n<\/tr>\n<tr>\n<td>45<\/td>\n<td><strong>Convenio de Pasant\u00eda entre la Facultad de Arquitectura y Urbanismo de la UNT y la Casa Museo de la Ciudad de la Municipalidad de San Miguel de Tucum\u00e1n.<\/strong>&nbsp;<\/p>\n<p><strong>\u00a0<\/strong><strong>Caracter\u00edsticas:\u00a0<\/strong>El presente acuerdo tiene como objetivo establecer un sistema dual Pr\u00e1ctico-Educativo que permite a estudiantes de la FAU un avance significativo en su educaci\u00f3n y posicionamiento en el inicio de su profesi\u00f3n mediante la utilizaci\u00f3n de la tecnolog\u00eda disponible en los distintos organismos p\u00fablicos y privados.<\/p>\n<p><strong>En Vigencia<\/strong>\u00a0desde fecha: 09 de Agosto de 2018, duraci\u00f3n de 2 a\u00f1os, se considerara autom\u00e1ticamente renovado por igual per\u00edodo.<\/td>\n<\/tr>\n<tr>\n<td>46<\/td>\n<td><strong>Acta Acuerdo entre la Facultad de Arquitectura y Urbanismo de la UNT\u00a0 y la Estaci\u00f3n\u00a0<\/strong><b>Experimental Agroindustrial OBISPO COLOMBRES.<\/b>&nbsp;<\/p>\n<p><strong>\u00a0<\/strong><strong>Caracter\u00edsticas:\u00a0<\/strong>El presente acuerdo tiene como objetivo establecer las condiciones de colaboraci\u00f3n entre las entidades\u00a0 firmantes para favorecer el desarrollo de una Zonificaci\u00f3n General o Master Plan en adelante ZG-MP, el que ser\u00e1 realizado por la facultad con el asesoramiento de la EEAOC a trav\u00e9s del instituto de econom\u00eda y legislaci\u00f3n de la construcci\u00f3n.<\/p>\n<p><strong>En vigencia<\/strong>: desde fecha 30 de Junio de 2018, duraci\u00f3n de 2 a\u00f1os, se considerara autom\u00e1ticamente renovado por igual per\u00edodo<strong>.<\/strong><\/td>\n<\/tr>\n<tr>\n<td>47<\/td>\n<td><strong>Acta Acuerdo de Doble Titulaci\u00f3n entre la Universidad Nacional de Tucum\u00e1n\u00a0 y la\u00a0<\/strong><strong>Universita Degli Studi Di Salerno, Italia.<\/strong>&nbsp;<\/p>\n<p><strong>\u00a0<\/strong><strong>Caracter\u00edsticas:\u00a0<\/strong>El presente acuerdo tiene como objetivo crear un programa que otorgue a los estudiantes una formaci\u00f3n adecuada para responder a la demanda de profesionales que posean una preparaci\u00f3n con un espectro m\u00e1s amplio e internacional. El programa de cooperaci\u00f3n consiste en el intercambio de estudiantes quienes podr\u00e1n usufructuar de una formaci\u00f3n biling\u00fce y bicultural en dos prestigiosas Universidades y obtener una doble titulaci\u00f3n universitaria. Los estudiantes desarrollar\u00e1n un programa de doble titulaci\u00f3n en las carreras de Ingenier\u00eda Edile- Architettura y Arquitectura que se cursan en ambas\u00a0Universidades..<\/p>\n<p><strong>En vigencia<\/strong>: desde fecha Enero 2018, tendr\u00e1 una duraci\u00f3n de cinco a\u00f1os. Si las partes involucradas no lo rescinden, el Acuerdo ser\u00e1 renovado por per\u00edodos iguales y sucesivos a trav\u00e9s del intercambio de comunicaci\u00f3n por escrito entre las Partes.<\/td>\n<\/tr>\n<tr>\n<td>48<\/td>\n<td><strong>Acta Acuerdo Espec\u00edfico para la Pr\u00e1ctica Supervisada entre la Facultad de Arquitectura y Urbanismo de la UNT\u00a0 y el Estudio de Arquitectura\u00a0<\/strong><strong>3D2.<\/strong>&nbsp;<\/p>\n<p><strong>\u00a0<\/strong><strong>Caracter\u00edsticas:\u00a0<\/strong>El presente acuerdo tiene como objetivo establecer las condiciones de colaboraci\u00f3n, para la implementaci\u00f3n de la \u201cPr\u00e1ctica Supervisada\u201d, de estudiantes de Arquitectura, en el Estudio\/ Empresa<\/p>\n<p><strong>En Vigencia<\/strong>\u00a0desde fecha: 01 de Setiembre de 2018, con una duraci\u00f3n de 2 a\u00f1os a partir de la fecha de su firma y podr\u00e1 ser autom\u00e1ticamente\u00a0 renovado por igual periodo.<\/td>\n<\/tr>\n<tr>\n<td>49<\/td>\n<td><strong>Acta Acuerdo Espec\u00edfico para la Pr\u00e1ctica Supervisada entre la Facultad de Arquitectura y Urbanismo de la UNT\u00a0 y el Estudio de Arquitectura<\/strong>\u00a0<strong>4.30.<\/strong>&nbsp;<\/p>\n<p><strong>\u00a0<\/strong><strong>Caracter\u00edsticas:\u00a0<\/strong>El presente acuerdo tiene como objetivo establecer las condiciones de colaboraci\u00f3n, para la implementaci\u00f3n de la \u201cPr\u00e1ctica Supervisada\u201d, de estudiantes de Arquitectura, en el Estudio\/ Empresa<\/p>\n<p><strong>En Vigencia<\/strong>\u00a0desde fecha: 01 de Setiembre de 2018, con una duraci\u00f3n de 2 a\u00f1os a partir de la fecha de su firma y podr\u00e1 ser autom\u00e1ticamente\u00a0 renovado por igual periodo.<\/td>\n<\/tr>\n<tr>\n<td>50<\/td>\n<td><strong>Acta Acuerdo Espec\u00edfico para la Pr\u00e1ctica Supervisada entre la Facultad de Arquitectura y Urbanismo de la UNT\u00a0 y el Estudio de Arquitectura\u00a0<\/strong><strong>F S \u2013A, FRIAS SILVA \u2013 ABRAHAM.<\/strong>&nbsp;<\/p>\n<p><strong>\u00a0<\/strong><strong>Caracter\u00edsticas:\u00a0<\/strong>El presente acuerdo tiene como objetivo establecer las condiciones de colaboraci\u00f3n, para la implementaci\u00f3n de la \u201cPr\u00e1ctica Supervisada\u201d, de estudiantes de Arquitectura, en el Estudio\/ Empresa<\/p>\n<p><strong>En Vigencia<\/strong>\u00a0desde fecha: 01 de Setiembre de 2018, con una duraci\u00f3n de 2 a\u00f1os a partir de la fecha de su firma y podr\u00e1 ser autom\u00e1ticamente\u00a0 renovado por igual periodo.<\/td>\n<\/tr>\n<tr>\n<td>51<\/td>\n<td><strong>Acta Acuerdo Espec\u00edfico para la Pr\u00e1ctica Supervisada entre la Facultad de Arquitectura y Urbanismo de la UNT\u00a0 y el Estudio de Arquitectura\u00a0<\/strong><strong>LOMBARDELLI.<\/strong>&nbsp;<\/p>\n<p><strong>\u00a0<\/strong><strong>Caracter\u00edsticas:\u00a0<\/strong>El presente acuerdo tiene como objetivo establecer las condiciones de colaboraci\u00f3n, para la implementaci\u00f3n de la \u201cPr\u00e1ctica Supervisada\u201d, de estudiantes de Arquitectura, en el Estudio\/ Empresa<\/p>\n<p><strong>En Vigencia<\/strong>\u00a0desde fecha: 01 de Setiembre de 2018, con una duraci\u00f3n de 2 a\u00f1os a partir de la fecha de su firma y podr\u00e1 ser autom\u00e1ticamente\u00a0 renovado por igual periodo.<\/td>\n<\/tr>\n<tr>\n<td>52<\/td>\n<td><strong>Acta Acuerdo Espec\u00edfico para la Pr\u00e1ctica Supervisada entre la Facultad de Arquitectura y Urbanismo de la UNT\u00a0 y el Estudio de Arquitectura<\/strong>\u00a0<strong>CLIP S.L.P.<\/strong>&nbsp;<\/p>\n<p><strong>\u00a0<\/strong><strong>Caracter\u00edsticas:\u00a0<\/strong>El presente acuerdo tiene como objetivo establecer las condiciones de colaboraci\u00f3n, para la implementaci\u00f3n de la \u201cPr\u00e1ctica Supervisada\u201d, de estudiantes de Arquitectura, en el Estudio\/ Empresa<\/p>\n<p><strong>En Vigencia<\/strong>\u00a0desde fecha: 01 de Setiembre de 2018, con una duraci\u00f3n de 2 a\u00f1os a partir de la fecha de su firma y podr\u00e1 ser autom\u00e1ticamente\u00a0 renovado por igual periodo.<\/td>\n<\/tr>\n<tr>\n<td>53<\/td>\n<td><strong>Acta Acuerdo Espec\u00edfico para la Pr\u00e1ctica Supervisada entre la Facultad de Arquitectura y Urbanismo de la UNT\u00a0 y el Estudio de Arquitectura\u00a0<\/strong><strong>VANNO.<\/strong>&nbsp;<\/p>\n<p><strong>\u00a0<\/strong><strong>Caracter\u00edsticas:\u00a0<\/strong>El presente acuerdo tiene como objetivo establecer las condiciones de colaboraci\u00f3n, para la implementaci\u00f3n de la \u201cPr\u00e1ctica Supervisada\u201d, de estudiantes de Arquitectura, en el Estudio\/ Empresa<\/p>\n<p><strong>En Vigencia<\/strong>\u00a0desde fecha: 01 de Setiembre de 2018, con una duraci\u00f3n de 2 a\u00f1os a partir de la fecha de su firma y podr\u00e1 ser autom\u00e1ticamente\u00a0 renovado por igual periodo.<\/td>\n<\/tr>\n<tr>\n<td>54<\/td>\n<td><strong>Acta Acuerdo Espec\u00edfico para la Pr\u00e1ctica Supervisada entre la Facultad de Arquitectura y Urbanismo de la UNT\u00a0 y el Estudio Concept Arquitectura<\/strong><strong>\u00a0DANIEL CARDINALE &amp; ASOCIADOS.<\/strong>&nbsp;<\/p>\n<p><strong>\u00a0<\/strong><strong>Caracter\u00edsticas:\u00a0<\/strong>El presente acuerdo tiene como objetivo establecer las condiciones de colaboraci\u00f3n, para la implementaci\u00f3n de la \u201cPr\u00e1ctica Supervisada\u201d, de estudiantes de Arquitectura, en el Estudio\/ Empresa<\/p>\n<p><strong>En Vigencia<\/strong>\u00a0desde fecha: 01 de Setiembre de 2018, con una duraci\u00f3n de 2 a\u00f1os a partir de la fecha de su firma y podr\u00e1 ser autom\u00e1ticamente\u00a0 renovado por igual periodo.<\/td>\n<\/tr>\n<tr>\n<td>55<\/td>\n<td><strong>Acta Acuerdo Espec\u00edfico para la Pr\u00e1ctica Supervisada entre la Facultad de Arquitectura y Urbanismo de la UNT\u00a0 y el Estudio\u00a0<\/strong><strong>CSS de Arquitectura.<\/strong>&nbsp;<\/p>\n<p><strong>\u00a0<\/strong><strong>Caracter\u00edsticas:\u00a0<\/strong>El presente acuerdo tiene como objetivo establecer las condiciones de colaboraci\u00f3n,\u00a0para la implementaci\u00f3n de la \u201cPr\u00e1ctica Supervisada\u201d, de estudiantes de Arquitectura, en el Estudio\/ Empresa<\/p>\n<p><strong>En Vigencia<\/strong>\u00a0desde fecha: 01 de Setiembre de 2018, con una duraci\u00f3n de 2 a\u00f1os a partir de la fecha de su firma y podr\u00e1 ser autom\u00e1ticamente\u00a0 renovado por igual periodo.<\/td>\n<\/tr>\n<tr>\n<td>56<\/td>\n<td><strong>Acta Acuerdo Espec\u00edfico para la Pr\u00e1ctica Supervisada entre la Facultad de Arquitectura y Urbanismo de la UNT\u00a0 y el Estudio de Arquitectura\u00a0<\/strong><strong>MAXIMO COLETTI &amp; ASOCIADOS.<\/strong>&nbsp;<\/p>\n<p><strong>\u00a0<\/strong><strong>Caracter\u00edsticas:\u00a0<\/strong>El presente acuerdo tiene como objetivo establecer las condiciones de colaboraci\u00f3n, para la implementaci\u00f3n de la \u201cPr\u00e1ctica Supervisada\u201d, de estudiantes de Arquitectura, en el Estudio\/ Empresa<\/p>\n<p><strong>En Vigencia<\/strong>\u00a0desde fecha: 01 de Setiembre de 2018, con una duraci\u00f3n de 2 a\u00f1os a partir de la fecha de su firma y podr\u00e1 ser autom\u00e1ticamente\u00a0 renovado por igual periodo.<\/td>\n<\/tr>\n<tr>\n<td>57<\/td>\n<td><strong>Convenio entre la Facultad de Arquitectura y Urbanismo de la UNT y la C\u00e1tedra UNESCO ARQUITECTURA DE TIERRA, (Adscripta) a la Escuela Nacional Superior de Arquitectura de Grenoble. Francia.<\/strong>&nbsp;<\/p>\n<p><strong>\u00a0<\/strong><strong>Caracter\u00edsticas:\u00a0<\/strong>El presente acuerdo tiene como objetivo desarrollar v\u00ednculos entre los diferentes organismos, especialmente con el centro de excelencia de la c\u00e1tedra UNESCO y con los otros socios miembros de la red UNITWIN de la C\u00e1tedra, con el fin de establecer y apoyar las redes de cooperaci\u00f3n regionales, sub regionales e inter regionales;<\/p>\n<p>\u2013 Promover y organizar, junto con los asociados a la C\u00e1tedra, actividades relacionadas con la educaci\u00f3n superior, la formaci\u00f3n profesional, la investigaci\u00f3n b\u00e1sica o aplicada: cursos, seminarios, conferencias, proyectos de investigaci\u00f3n, proyectos localizados, o cualquier otra actividad compatible con los objetivos de la C\u00e1tedra UNESCO Arquitectura de tierra;<\/p>\n<p>\u2013 Facilitar el fortalecimiento de las instituciones, la creaci\u00f3n de equipos o de laboratorios para el desarrollo de la educaci\u00f3n de pregrado, de programas de formaci\u00f3n de postgrado (diplom\u00e1ticos, maestr\u00edas y\/o doctorados) y la formaci\u00f3n de profesionales t\u00e9cnicos, sobre la base de acuerdos entre los asociados de la C\u00e1tedra y de otros asociados regionales y\/o locales, formando de \u00e9sta manera a los futuros especialistas y profesionales competentes y activos;<\/p>\n<p>\u2013 Promover y fomentar la investigaci\u00f3n, especialmente la investigaci\u00f3n aplicada y la investigaci\u00f3n y desarrollo:<\/p>\n<p>\u2013 Fomentar el intercambio de conocimientos y saber hacer, promover la sensibilizaci\u00f3n del p\u00fablico escolar y del p\u00fablico general.<\/p>\n<p><strong>En vigencia<\/strong>: desde fecha 04 de Setiembre de 2018, se renueva cada cuatro a\u00f1os, con un informe provisional presentado cada dos a\u00f1os al centro de excelencia de la C\u00e1tedra.<\/td>\n<\/tr>\n<tr>\n<td>58<\/td>\n<td><strong>Acta Acuerdo entre la Facultad de Arquitectura y Urbanismo de la UNT\u00a0 y la Secretar\u00eda de Estado de la Mujer del Ministerio de Desarrollo Social \u2013 Gobierno de Tucum\u00e1n.<\/strong>&nbsp;<\/p>\n<p><strong>Caracter\u00edsticas:<\/strong>\u00a0El presente acuerdo tiene como objetivo establecer las condiciones de colaboraci\u00f3n para desarrollar una estrecha relaci\u00f3n de intercambio de conocimientos, experiencias y recursos humanos, tecnol\u00f3gicos, institucionales en torno a las metas de igualdad de g\u00e9nero y derechos que aporte al desarrollo de los objetivos de cada instituci\u00f3n.<\/p>\n<p><strong>En vigencia<\/strong>: desde fecha 14 de Setiembre de 2018, duraci\u00f3n 2 a\u00f1os.<\/td>\n<\/tr>\n<tr>\n<td>59<\/td>\n<td><strong>Acta Acuerdo entre la Facultad de Arquitectura y Urbanismo de la UNT\u00a0 y la\u00a0<\/strong><strong>Comunidad de Amaicha del Valle.<\/strong>&nbsp;<\/p>\n<p><strong>\u00a0<\/strong><strong>Caracter\u00edsticas:\u00a0<\/strong>El presente acuerdo tiene como objetivo establecer las condiciones de colaboraci\u00f3n para intensificar las relaciones entre las entidades firmantes en aquellas tareas de apoyo y asistencia t\u00e9cnica que sean de inter\u00e9s para LA FACULTAD y LA COMUNIDAD.\u00a0\u00a0<strong>\u00a0<\/strong><\/p>\n<p><strong>En vigencia<\/strong>: desde 02 de Octubre de 2018, con una duraci\u00f3n de 2 a\u00f1os a partir de la fecha de su firma y podr\u00e1 ser autom\u00e1ticamente renovado por igual periodo.<\/td>\n<\/tr>\n<tr>\n<td>60<\/td>\n<td><strong>Acta Acuerdo entre la Facultad de Arquitectura y Urbanismo de la UNT\u00a0 y la\u00a0<\/strong><strong>Municipalidad de Santa Mar\u00eda, Catamarca.<\/strong>&nbsp;<\/p>\n<p><strong>Caracter\u00edsticas:<\/strong><\/p>\n<p><strong>En vigencia<\/strong>: desde 27 de Noviembre de 2018, con una duraci\u00f3n de un a\u00f1o a partir de la fecha de su firma y podr\u00e1 ser autom\u00e1ticamente renovado por igual periodo.<\/td>\n<\/tr>\n<tr>\n<td>61<\/td>\n<td><b>Convenio Marco de Intercambio y Cooperaci\u00f3n Universitaria entre la Universidad Nacional de Tucum\u00e1n y la Universidad Mayor de San Andr\u00e9s. Bolivia.<\/b>&nbsp;<\/p>\n<p><strong>Caracter\u00edsticas:\u00a0<\/strong>El presente acuerdo tiene como objetivo comprometerse a realizar conjuntamente las siguientes actividades<\/p>\n<ol>\n<li>Intercambio de informaci\u00f3n cient\u00edfica y t\u00e9cnica de mutuo inter\u00e9s.<\/li>\n<li>Intercambio de profesores, investigadores, t\u00e9cnicos y estudiantes avanzados para el dictado de cursos, seminarios, conferencias, realizaci\u00f3n de pasant\u00edas y otras actividades o acad\u00e9micas.<\/li>\n<li>Facilidades para la utilizaci\u00f3n en el desarrollo de programas conjuntos de la infraestructura f\u00edsica, equipos, laboratorios, bibliograf\u00eda y dem\u00e1s material de docencia e investigaci\u00f3n de que disponga cada Universidad.<\/li>\n<li>Tareas de coordinaci\u00f3n tendientes a asegurar el desarrollo de actividades de posgrado (cursos, direcciones de tesis, etc): difusi\u00f3n de las actividades acad\u00e9micas y de investigaci\u00f3n de cada una de las instituciones.<\/li>\n<\/ol>\n<p><strong>En vigencia<\/strong>: desde fecha 14 de Diciembre de 2018, con una duraci\u00f3n de cinco a\u00f1os, renovable autom\u00e1ticamente por per\u00edodos iguales mientras no se manifieste lo contrario.<\/td>\n<\/tr>\n<tr>\n<td>62<\/td>\n<td><strong>Convenio de Colaboraci\u00f3n Acad\u00e9mica entre la Universidad Nacional de Tucum\u00e1n y la Universidad Aut\u00f3noma del Estado de M\u00e9xico.<\/strong>&nbsp;<\/p>\n<p><strong>Caracter\u00edsticas:\u00a0<\/strong>El presente acuerdo tiene como objetivo promover la cooperaci\u00f3n en los \u00e1mbitos educativos y de la investigaci\u00f3n cient\u00edfica entre las partes.<\/p>\n<p><strong>En vigencia<\/strong>: desde fecha 14 de Marzo de 2019, con una duraci\u00f3n de cinco a\u00f1os renovables autom\u00e1ticamente por per\u00edodos iguales mientras no se manifieste lo contrario por una de las partes<\/td>\n<\/tr>\n<tr>\n<td>63<\/td>\n<td><strong>Acta Acuerdo Espec\u00edfico para la Pr\u00e1ctica Supervisada entre la Facultad de Arquitectura y Urbanismo de la UNT\u00a0 y el Estudio de Arquitectura<\/strong>\u00a0<strong>SAKSONOF &amp; ASOCIADOS.<\/strong>&nbsp;<\/p>\n<p><strong>\u00a0<\/strong><strong>Caracter\u00edsticas:\u00a0<\/strong>El presente acuerdo tiene como objetivo establecer las condiciones de colaboraci\u00f3n, para la implementaci\u00f3n de la \u201cPr\u00e1ctica Supervisada\u201d, de estudiantes de Arquitectura, en el Estudio\/ Empresa.<\/p>\n<p><strong>En Vigencia<\/strong>\u00a0desde fecha: 25 de Abril de 2019, duraci\u00f3n 2 a\u00f1os a partir de la fecha de su firma y se considera autom\u00e1ticamente renovado por igual periodo.<\/td>\n<\/tr>\n<tr>\n<td>64<\/td>\n<td><strong>Acta Acuerdo para la Pr\u00e1ctica Supervisada entre la Facultad de Arquitectura y Urbanismo de la UNT\u00a0 y el Estudio\u00a0<\/strong><strong>BIT ARQUITECTURA.<\/strong>&nbsp;<\/p>\n<p><strong>Caracter\u00edsticas:\u00a0<\/strong>El presente acuerdo tiene como objetivo establecer las condiciones de colaboraci\u00f3n, para la implementaci\u00f3n de la \u201cPr\u00e1ctica Supervisada\u201d, de estudiantes de Arquitectura, en el Estudio\/ Empresa.<\/p>\n<p><strong>En Vigencia<\/strong>\u00a0desde fecha: 25 de Abril de 2019, duraci\u00f3n 2 a\u00f1os a partir de la fecha de su firma y se considera autom\u00e1ticamente renovado por igual periodo.<\/td>\n<\/tr>\n<tr>\n<td>65<\/td>\n<td><strong>Acta Acuerdo Espec\u00edfico para la Pr\u00e1ctica Supervisada entre la Facultad de Arquitectura y Urbanismo de la UNT\u00a0 y el Estudio de Arquitectura<\/strong><strong>\u00a0TOMAS IGLESIAS.<\/strong>&nbsp;<\/p>\n<p><strong>\u00a0<\/strong>Caracter\u00edsticas: El presente acuerdo tiene como objetivo establecer las condiciones de colaboraci\u00f3n, para la implementaci\u00f3n de la \u201cPr\u00e1ctica Supervisada\u201d, de estudiantes de Arquitectura, en\u00a0 el Estudio\/Empresa<\/p>\n<p><strong>En Vigencia<\/strong>: 25 de Abril de 2019, duraci\u00f3n 2 a\u00f1os, se considerara autom\u00e1ticamente renovado por igual per\u00edodo.<\/td>\n<\/tr>\n<tr>\n<td>66<\/td>\n<td><strong>Acta Acuerdo Espec\u00edfico para la Pr\u00e1ctica Supervisada entre la Facultad de Arquitectura y Urbanismo de la UNT\u00a0 y el Estudio de Arquitectura<\/strong><strong>\u00a0RAMON ADEN.<\/strong>&nbsp;<\/p>\n<p><strong>\u00a0<\/strong><strong>Caracter\u00edsticas:\u00a0<\/strong>El presente acuerdo tiene como objetivo establecer las condiciones de colaboraci\u00f3n, para la implementaci\u00f3n de la \u201cPr\u00e1ctica Supervisada\u201d, de estudiantes de Arquitectura, en\u00a0 el Estudio\/Empresa<\/p>\n<p><strong>En Vigencia<\/strong>: 25 de Abril de 2019, duraci\u00f3n 2 a\u00f1os, se considerara autom\u00e1ticamente renovado por igual per\u00edodo.<\/td>\n<\/tr>\n<tr>\n<td>67<\/td>\n<td><strong>Acta Acuerdo Espec\u00edfico para la Pr\u00e1ctica Supervisada entre la Facultad de Arquitectura y Urbanismo de la UNT\u00a0 y el Estudio de Arquitectura<\/strong><strong>\u00a0<\/strong><strong>AVANCO SRL.<\/strong>&nbsp;<\/p>\n<p><strong>\u00a0<\/strong><strong>Caracter\u00edsticas:\u00a0<\/strong>El presente acuerdo tiene como objetivo establecer las condiciones de colaboraci\u00f3n, para la implementaci\u00f3n de la \u201cPr\u00e1ctica Supervisada\u201d, de estudiantes de Arquitectura, en el Estudio\/Empresa<\/p>\n<p><strong>En Vigencia<\/strong>: 01 de Septiembre de 2019, duraci\u00f3n 2 a\u00f1os, se considerara autom\u00e1ticamente renovado por igual per\u00edodo.<\/td>\n<\/tr>\n<tr>\n<td>68<\/td>\n<td><strong>Acta Acuerdo Espec\u00edfico para la Pr\u00e1ctica Supervisada entre la Facultad de Arquitectura y Urbanismo de la UNT\u00a0 y el Estudio de Arquitectura<\/strong><strong>\u00a0RICARDO RULLI.<\/strong>&nbsp;<\/p>\n<p><strong>\u00a0<\/strong><strong>Caracter\u00edsticas:\u00a0<\/strong>El presente acuerdo tiene como objetivo establecer las condiciones de colaboraci\u00f3n, para la implementaci\u00f3n de la \u201cPr\u00e1ctica Supervisada\u201d, de estudiantes de Arquitectura, en el Estudio\/Empresa<\/p>\n<p><strong>En Vigencia<\/strong>: 01 de Septiembre de 2019, duraci\u00f3n 2 a\u00f1os, se considerara autom\u00e1ticamente renovado por igual per\u00edodo.<\/td>\n<\/tr>\n<tr>\n<td>69<\/td>\n<td><strong>Acta Acuerdo Espec\u00edfico para la Pr\u00e1ctica Supervisada entre la Facultad de Arquitectura y Urbanismo de la UNT\u00a0 y el Estudio de Arquitectura<\/strong><strong>\u00a0ACHE ARQUITECTOS.<\/strong>&nbsp;<\/p>\n<p><strong>\u00a0<\/strong><strong>Caracter\u00edsticas:\u00a0<\/strong>El presente acuerdo tiene como objetivo establecer las condiciones de colaboraci\u00f3n, para la implementaci\u00f3n de la \u201cPr\u00e1ctica Supervisada\u201d, de estudiantes de Arquitectura, en el Estudio\/Empresa<\/p>\n<p><strong>En Vigencia<\/strong>: 01 de Septiembre de 2019, duraci\u00f3n 2 a\u00f1os, se considerara autom\u00e1ticamente renovado por igual per\u00edodo<\/td>\n<\/tr>\n<tr>\n<td>70<\/td>\n<td><strong>Acta Acuerdo Espec\u00edfico para la Pr\u00e1ctica Supervisada entre la Facultad de Arquitectura y Urbanismo de la UNT\u00a0 y el Estudio de Arquitectura<\/strong><strong>\u00a0E Ingenier\u00eda ING. RAFAEL BLANCA.<\/strong>&nbsp;<\/p>\n<p><strong>\u00a0<\/strong><strong>Caracter\u00edsticas:\u00a0<\/strong>El presente acuerdo tiene como objetivo establecer las condiciones de colaboraci\u00f3n, para la implementaci\u00f3n de la \u201cPr\u00e1ctica Supervisada\u201d, de estudiantes de Arquitectura, en el Estudio\/Empresa<\/p>\n<p><strong>En Vigencia<\/strong>: 01 de Septiembre de 2019, duraci\u00f3n 2 a\u00f1os, se considerara autom\u00e1ticamente renovado por igual per\u00edodo<\/td>\n<\/tr>\n<tr>\n<td>71<\/td>\n<td><strong>Acta Acuerdo Espec\u00edfico para la Pr\u00e1ctica Supervisada entre la Facultad de Arquitectura y Urbanismo de la UNT\u00a0 y el Estudio de Arquitectura<\/strong><strong>\u00a0AXO SRL .<\/strong>&nbsp;<\/p>\n<p><strong>Caracter\u00edsticas:\u00a0<\/strong>El presente acuerdo tiene como objetivo establecer las condiciones de colaboraci\u00f3n, para la implementaci\u00f3n de la \u201cPr\u00e1ctica Supervisada\u201d, de estudiantes de Arquitectura, en el Estudio\/Empresa<\/p>\n<p><strong>En Vigencia<\/strong>: 01 de Septiembre de 2019, duraci\u00f3n 2 a\u00f1os, se considerara autom\u00e1ticamente renovado por igual per\u00edodo<\/td>\n<\/tr>\n<tr>\n<td>72<\/td>\n<td><strong>Acta Acuerdo Espec\u00edfico para la Pr\u00e1ctica Supervisada entre la Facultad de Arquitectura y Urbanismo de la UNT\u00a0 y la\u00a0<\/strong><strong>Empresa Constructora INCIVIL CONSTRUCCIONES SRL .<\/strong>&nbsp;<\/p>\n<p><strong>\u00a0<\/strong><strong>Caracter\u00edsticas:\u00a0<\/strong>El presente acuerdo tiene como objetivo establecer las condiciones de colaboraci\u00f3n, para la implementaci\u00f3n de la \u201cPr\u00e1ctica Supervisada\u201d, de estudiantes de Arquitectura, en el Estudio\/Empresa<\/p>\n<p><strong>En Vigencia<\/strong>: 01 de Septiembre de 2019, duraci\u00f3n 2 a\u00f1os, se considerara autom\u00e1ticamente renovado por igual per\u00edodo<\/td>\n<\/tr>\n<tr>\n<td>73<\/td>\n<td><strong>Convenio de Pasant\u00eda entre la Facultad de Arquitectura y Urbanismo de la UNT\u00a0 y el Estudio de Arquitectura Arq.\u00a0<\/strong><strong>Walter Hugo Barrera.<\/strong>&nbsp;<\/p>\n<p><strong>\u00a0<\/strong><strong>Caracter\u00edsticas:\u00a0<\/strong>El presente acuerdo tiene como objetivo complementar la formaci\u00f3n te\u00f3rico practica recibida en la Facultad, integrar a los j\u00f3venes en grupos sociales laborales, posibilitar a los estudiantes complementar su proceso educativo a partir de la inserci\u00f3n en un medio laboral concreto y aplicar los conocimientos adquiridos<\/p>\n<p><strong>En Vigencia<\/strong>\u00a0desde fecha: 03 de Junio de 2019, con una duracion de 2 a\u00f1os y se considera autom\u00e1ticamente renovado.<\/td>\n<\/tr>\n<tr>\n<td>74<\/td>\n<td><strong>Convenio de Pasant\u00eda entre la Facultad de Arquitectura y Urbanismo de la UNT\u00a0 y la\u00a0<\/strong><strong>EMPRESA MEDITERRANEO S.A.<\/strong>&nbsp;<\/p>\n<p><strong>\u00a0<\/strong><strong>Caracter\u00edsticas:\u00a0<\/strong>El presente acuerdo tiene como objetivo complementar la formaci\u00f3n te\u00f3rico practica recibida en la Facultad, integrar a los j\u00f3venes en grupos sociales laborales, posibilitar a los estudiantes complementar su proceso educativo a partir de la inserci\u00f3n en un medio laboral concreto y aplicar los conocimientos adquiridos<\/p>\n<p><strong>En Vigencia<\/strong>\u00a0desde fecha: 07 de Junio de 2019, con una duraci\u00f3n de 2 a\u00f1os y se considera autom\u00e1ticamente renovado.<\/td>\n<\/tr>\n<tr>\n<td>75<\/td>\n<td><strong>Convenio de Pasant\u00eda entre la Facultad de Arquitectura y Urbanismo de la UNT\u00a0 y la\u00a0<\/strong><strong>EMPRESA\u00a0<\/strong><strong>BERCOVICH SACIFIA.<\/strong>&nbsp;<\/p>\n<p><strong>\u00a0<\/strong><strong>Caracter\u00edsticas:\u00a0<\/strong>El presente acuerdo tiene como objetivo complementar la formaci\u00f3n te\u00f3rico practica recibida en la Facultad, integrar a los j\u00f3venes en grupos sociales laborales, posibilitar a los estudiantes complementar su proceso educativo a partir de la inserci\u00f3n en un medio laboral concreto y aplicar los conocimientos adquiridos<\/p>\n<p><strong>En Vigencia<\/strong>\u00a0desde fecha: 01 de Noviembre de 2019, con una duraci\u00f3n de 2 a\u00f1os y se considera autom\u00e1ticamente renovado.<\/td>\n<\/tr>\n<tr>\n<td>76<\/td>\n<td><strong>Acta Acuerdo entre la Facultad de Arquitectura y Urbanismo de la UNT\u00a0 y la\u00a0<\/strong><strong>Comuna de San Pablo y Villa Nougu\u00e9s.<\/strong>&nbsp;<\/p>\n<p><strong>\u00a0<\/strong><strong>Caracter\u00edsticas:\u00a0<\/strong>El presente acuerdo tiene como objetivo establecer las condiciones de colaboraci\u00f3n para intensificar las relaciones entre las entidades firmantes, en aquellas tareas de apoyo y asistencia t\u00e9cnica que sean de inter\u00e9s para LA FACULTAD y LA COMUNA.<\/p>\n<p><strong>En vigencia<\/strong>\u00a0desde fecha: 28 de febrero de 2020, con una duraci\u00f3n de 2 a\u00f1os y se considera autom\u00e1ticamente renovado.<\/td>\n<\/tr>\n<tr>\n<td>77<\/td>\n<td><strong>Acuerdo Espec\u00edfico entre la Facultad de Arquitectura y Urbanismo de la UNT\u00a0 y la\u00a0Comuna de San Pablo y Villa Nougu\u00e9s.<\/strong><strong>\u00a0<\/strong>&nbsp;<\/p>\n<p><strong>Caracter\u00edsticas:\u00a0<\/strong>El presente acuerdo tiene como finalidad detallar las condiciones para establecer lazos de colaboraci\u00f3n rec\u00edproca entre las entidades firmantes para desarrollar tareas relacionadas con la tem\u00e1tica de la Accesibilidad y el Dise\u00f1o Universal,<\/p>\n<p><strong>En vigencia<\/strong>\u00a0desde fecha: 28 de febrero de 2020, con una duraci\u00f3n de 1 a\u00f1o y se considerar\u00e1 autom\u00e1ticamente renovado por igual per\u00edodo<\/td>\n<\/tr>\n<tr>\n<td>78<\/td>\n<td><strong>Acta Acuerdo entre la Facultad de Arquitectura y Urbanismo de la UNT\u00a0 y la Municipalidad de Taf\u00ed Viejo<\/strong><strong>.<\/strong>&nbsp;<\/p>\n<p><strong>\u00a0<\/strong><strong>Caracter\u00edsticas:\u00a0<\/strong>El presente acuerdo tiene como objetivo establecer las condiciones de colaboraci\u00f3n para intensificar las relaciones entre las entidades firmantes, en aquellas tareas de apoyo y asistencia t\u00e9cnica que sean de inter\u00e9s para LA FACULTAD y LA MUNICIPALIDAD.<\/p>\n<p><strong>En vigencia<\/strong>: desde fecha 11 de junio de 2020, con una duraci\u00f3n de 2 a\u00f1os y se considerar\u00e1 autom\u00e1ticamente renovado por igual per\u00edodo.<\/td>\n<\/tr>\n<tr>\n<td>79<\/td>\n<td><strong>Acta Acuerdo Espec\u00edfico entre la Facultad de Arquitectura y Urbanismo de la UNT\u00a0 y\u00a0la Municipalidad de Taf\u00ed Viejo<\/strong>&nbsp;<\/p>\n<p><strong>\u00a0<\/strong><strong>Caracter\u00edsticas:\u00a0<\/strong>El presente acuerdo tiene como objetivo el intercambio y transferencia de la Producci\u00f3n de los avances de la investigaci\u00f3n del Proyecto PFIP 2006 SECTIP. El Patrimonio Industrial Hist\u00f3rico como recurso para el desarrollo local tur\u00edstico. Los Talleres Ferroviarios de Taf\u00ed Viejo y del Proyecto PIUNT N\u00b0 B621\/2, \u201cPatrimonio urbano \u2013 arquitect\u00f3nico del NOA: estudios, estrategias de abordaje y propuestas de intervenci\u00f3n para su conservaci\u00f3n y rehabilitaci\u00f3n integrada a procesos de desarrollo urbano y regional\u201d, referidos a historia, Valoraci\u00f3n e Inventario del Patrimonio Arquitect\u00f3nico de los Talleres ferroviarios de Taf\u00ed Viejo.<\/p>\n<p><strong>En vigencia<\/strong>: desde fecha 11 de junio de 2020, con una duraci\u00f3n de 1 a\u00f1o y se considerar\u00e1 autom\u00e1ticamente renovado por igual per\u00edodo.<\/td>\n<\/tr>\n<tr>\n<td>80<\/td>\n<td><strong>Acta Acuerdo entre la Facultad de Arquitectura y Urbanismo de la UNT\u00a0 y \u00a0la Municipalidad de\u00a0<\/strong><strong>Yerba Buena.<\/strong>&nbsp;<\/p>\n<p><strong>\u00a0<\/strong><strong>Caracter\u00edsticas:\u00a0<\/strong>El presente acuerdo tiene como objetivo establecer las condiciones de colaboraci\u00f3n para intensificar las relaciones entre las entidades firmantes, en aquellas tareas de apoyo y asistencia t\u00e9cnica que sean de inter\u00e9s para LA FACULTAD y LA MUNICIPALIDAD.<\/p>\n<p><strong>En vigencia<\/strong>: desde fecha 11 de junio de 2020, con una duraci\u00f3n de 2 a\u00f1os y se considerar\u00e1 autom\u00e1ticamente renovado por igual per\u00edodo.<\/td>\n<\/tr>\n<tr>\n<td>81<\/td>\n<td><strong>Acta Acuerdo Espec\u00edfico entre la Facultad de Arquitectura y Urbanismo de la UNT\u00a0 y la Municipalidad de\u00a0Yerba Buena.<\/strong>&nbsp;<\/p>\n<p><strong>\u00a0<\/strong><strong>Caracter\u00edsticas:\u00a0<\/strong>El presente acuerdo tiene como objetivo el trabajo en forma conjunta con la finalidad de definir un plan de acciones concretas a implementarse en la jurisdicci\u00f3n de LA MUNICIPALIDAD, como parte integrante del \u00c1rea Metropolitana de la ciudad de San Miguel de Tucum\u00e1n. En dichas acciones se contempla, espec\u00edficamente, el estudio y el asesoramiento por parte de LA FACULTAD para la elaboraci\u00f3n de un proyecto ejecutivo que permita a LA MUNICIPALIDAD materializar la construcci\u00f3n de sucesivos circuitos de ciclo v\u00edas, cuyos trazados se inscriban en un plan general a nivel del \u00c1rea Metropolitana, tendiente a integrar la bicicleta como un medio de movilidad alternativo a la oferta del transporte p\u00fablico urbano.<\/p>\n<p><strong>En vigencia<\/strong>: desde fecha 11 de junio de 2020, con una duraci\u00f3n de 1 a\u00f1o y se considerar\u00e1 autom\u00e1ticamente renovado por igual per\u00edodo.<\/td>\n<\/tr>\n<tr>\n<td>82<\/td>\n<td><strong>Convenio de Pasant\u00eda entre la Facultad de Arquitectura y Urbanismo de la UNT y la Municipalidad de Yerba Buena<\/strong>&nbsp;<\/p>\n<p><strong>\u00a0<\/strong><strong>Caracter\u00edsticas:\u00a0<\/strong>El presente acuerdo tiene como tiene como objetivos principales que los pasantes: a) Profundicen la valoraci\u00f3n del trabajo como elemento indispensable y dignificador para la vida, desde una concepci\u00f3n cultural y no meramente utilitaria; b) Realicen pr\u00e1cticas complementarias a su formaci\u00f3n acad\u00e9mica que enriquezcan la propuesta curricular de los estudios que cursen; c) Incorporen saberes, habilidades y actitudes vinculados a situaciones reales del mundo del trabajo; d) Adquieran conocimientos que contribuyan a mejorar sus posibilidades de inserci\u00f3n en el \u00e1mbito laboral; e) Aumenten el conocimiento y manejo de tecnolog\u00edas vigentes; f) Cuenten con herramientas que contribuyan a una correcta elecci\u00f3n y orientaci\u00f3n profesional futura; g) Se beneficien con el mejoramiento de la propuesta formativa; h) Progresen en el proceso de orientaci\u00f3n respecto de los posibles campos espec\u00edficos de desempe\u00f1o laboral.<\/p>\n<p><strong>En vigencia<\/strong>: desde fecha 18 de Junio de 2020, con una duraci\u00f3n (dos) 2 a\u00f1os, se considerara autom\u00e1ticamente renovada por igual per\u00edodo.<\/td>\n<\/tr>\n<\/tbody>\n<\/table>\n","protected":false},"excerpt":{"rendered":"<p>1 Acta Acuerdo entre la Facultad de Arquitectura y Urbanismo de la UNT y la Facultad de Ciencias Econ\u00f3micas de la UNT&nbsp; \u00a0Caracter\u00edsticas:\u00a0El presente acuerdo tiene como objetivo intercambio entre los cuerpos docentes y estudiantes de ambas facultades en \u00e1reas de conocimientos de especialidades son compartidos y que ello genera un movimiento de integraci\u00f3n que [&hellip;]<\/p>\n","protected":false},"author":2,"featured_media":0,"comment_status":"closed","ping_status":"open","sticky":false,"template":"","format":"standard","meta":{"_uag_custom_page_level_css":"","footnotes":""},"categories":[33],"tags":[],"class_list":["post-1345","post","type-post","status-publish","format-standard","hentry","category-institucional"],"uagb_featured_image_src":{"full":false,"thumbnail":false,"medium":false,"medium_large":false,"large":false,"1536x1536":false,"2048x2048":false,"320w":false,"480w":false,"800w":false},"uagb_author_info":{"display_name":"c2860607","author_link":"https:\/\/fau.unt.edu.ar\/fau\/author\/c2860607\/"},"uagb_comment_info":0,"uagb_excerpt":"1 Acta Acuerdo entre la Facultad de Arquitectura y Urbanismo de la UNT y la Facultad de Ciencias Econ\u00f3micas de la UNT&nbsp; \u00a0Caracter\u00edsticas:\u00a0El presente acuerdo tiene como objetivo intercambio entre los cuerpos docentes y estudiantes de ambas facultades en \u00e1reas de conocimientos de especialidades son compartidos y que ello genera un movimiento de integraci\u00f3n que&hellip;","_links":{"self":[{"href":"https:\/\/fau.unt.edu.ar\/fau\/wp-json\/wp\/v2\/posts\/1345","targetHints":{"allow":["GET"]}}],"collection":[{"href":"https:\/\/fau.unt.edu.ar\/fau\/wp-json\/wp\/v2\/posts"}],"about":[{"href":"https:\/\/fau.unt.edu.ar\/fau\/wp-json\/wp\/v2\/types\/post"}],"author":[{"embeddable":true,"href":"https:\/\/fau.unt.edu.ar\/fau\/wp-json\/wp\/v2\/users\/2"}],"replies":[{"embeddable":true,"href":"https:\/\/fau.unt.edu.ar\/fau\/wp-json\/wp\/v2\/comments?post=1345"}],"version-history":[{"count":1,"href":"https:\/\/fau.unt.edu.ar\/fau\/wp-json\/wp\/v2\/posts\/1345\/revisions"}],"predecessor-version":[{"id":1346,"href":"https:\/\/fau.unt.edu.ar\/fau\/wp-json\/wp\/v2\/posts\/1345\/revisions\/1346"}],"wp:attachment":[{"href":"https:\/\/fau.unt.edu.ar\/fau\/wp-json\/wp\/v2\/media?parent=1345"}],"wp:term":[{"taxonomy":"category","embeddable":true,"href":"https:\/\/fau.unt.edu.ar\/fau\/wp-json\/wp\/v2\/categories?post=1345"},{"taxonomy":"post_tag","embeddable":true,"href":"https:\/\/fau.unt.edu.ar\/fau\/wp-json\/wp\/v2\/tags?post=1345"}],"curies":[{"name":"wp","href":"https:\/\/api.w.org\/{rel}","templated":true}]}}