{"id":1247,"date":"2025-08-12T23:34:18","date_gmt":"2025-08-13T02:34:18","guid":{"rendered":"https:\/\/fau.unt.edu.ar\/fau\/?p=1247"},"modified":"2025-10-22T09:52:21","modified_gmt":"2025-10-22T12:52:21","slug":"proyectos-en-desarrollo","status":"publish","type":"post","link":"https:\/\/fau.unt.edu.ar\/fau\/proyectos-en-desarrollo\/","title":{"rendered":"Proyectos en desarrollo"},"content":{"rendered":"<h1 class=\"title\">Proyectos PIUNT en desarrollo<\/h1>\n<table>\n<tbody>\n<tr>\n<td><span style=\"color: #333333;\"><a href=\"https:\/\/www.fau.unt.edu.ar\/proyecto-b701-2023-2026\/\">Proyecto B701<\/a>\u00a0<\/span><\/p>\n<p>2023\/2026<\/td>\n<td><strong>Calidad ambiental urbana y edilicia: su influencia en la conservaci\u00f3n y la gesti\u00f3n sostenible del patrimonio de museos<\/strong><\/p>\n<p><strong>Director<\/strong>: Ajmat, Raul Fernando &#8211; rfajmat@hotmail.com<br \/>\n<strong>Co-director:<\/strong> Sandoval Salinas, Mar\u00eda Leonor &#8211; mlsandoval@csnat.unt.edu.ar<\/p>\n<p><strong>Integrantes<\/strong>:<br \/>\nBaz\u00e1n, Liliana Natalia &#8211; \u00a0nbazan@herrera.unt.edu.ar<br \/>\nLonghini, Mar\u00eda Victoria- vlonghini@herrera.unt.edu.ar<br \/>\nZamora, Mar\u00eda Silvana &#8211; ms_zamora@hotmail.com<br \/>\nBarroso, Patricia Elizabeth \u2013 (pidi\u00f3 retirar correo) patriciaebarroso@gmail.com<br \/>\nDumas, Jorge Alberto- \u00a0jorgedumas.jd@gmail.com<br \/>\nGalvez, Ivonne Elisa &#8211; ivonnegalvez995@gmail.com<br \/>\nLonghini, Maria Emilia &#8211; emilia_longhini@hotmail.com.ar<br \/>\nRouges Forcada, Maria Del Milagro &#8211; mirouges@gmail.com<\/p>\n<p><strong>Resumen<\/strong>: El presente proyecto se propone el estudio detallado de las variables que intervienen en la gesti\u00f3n del patrimonio de museos (preservaci\u00f3n, control de riesgos, exhibici\u00f3n, satisfacci\u00f3n de visitantes, etc.). Consecuentemente, operar\u00e1 en l\u00edneas que se desarrollan en simult\u00e1neo y que atienden por un lado a la cuantificaci\u00f3n de la energ\u00eda involucrada, a su influencia en la conservaci\u00f3n y exhibici\u00f3n del patrimonio contenido en museos y por otro lado, a la atenci\u00f3n y satisfacci\u00f3n que las formas de presentaci\u00f3n pueden generar en la percepci\u00f3n del visitante y en consecuencia, tambi\u00e9n a la sostenibilidad de las instituciones que gestionan el patrimonio.<\/td>\n<\/tr>\n<tr>\n<td><span style=\"color: #333333;\"><a href=\"https:\/\/www.fau.unt.edu.ar\/proyecto-b702\/\">Proyecto B702<\/a>\u00a0<\/span><\/p>\n<p>2023\/2026<\/td>\n<td><strong>El impacto de la Conducci\u00f3n de Obra de Arquitectura en la Calidad del Proceso de Ejecuci\u00f3n en San Miguel de Tucum\u00e1n<\/strong><\/p>\n<p><strong>Director<\/strong>: Albo, Edgardo Alberto &#8211;<br \/>\n<strong>Co-directora:<\/strong> G\u00e1lvez, Natalia Gabriela &#8211; nggalvez@herrera.unt.edu.ar<\/p>\n<p><strong>Integrantes<\/strong>:<br \/>\nRodr\u00edguez Vaquero, Norberto Jorge &#8211; njrodriguezvaquero@herrera.unt.edu.ar<br \/>\nToledo, Adri\u00e1n Gustavo &#8211; tochitoledo@hotmail.com<\/p>\n<p><strong>Resumen<\/strong>: En el proceso de ejecuci\u00f3n de obras de arquitectura en San Miguel de Tucum\u00e1n, el rol que ejerce el profesional arquitecto en la Conducci\u00f3n de la Obras, resulta tener un impacto significativo en t\u00e9rminos econ\u00f3micos y de calidad del objeto arquitect\u00f3nico, cuyo resultado final se ve reflejado en la satisfacci\u00f3n del usuario. Por lo expuesto vemos que es de vital importancia, colocar a la gesti\u00f3n de la calidad en un lugar destacado dentro del proceso constructivo, e identificar y determinar los puntos o hitos relevantes que inciden o impactan de manera significativa sobre el desempe\u00f1o del mencionado proceso constructivo. Se estudiaran por lo tanto proyectos ejecutados y en ejecuci\u00f3n y se analizar\u00e1n tanto la gesti\u00f3n de la calidad como los resultados obtenidos, determinando e identificando costos, y evaluando la eficiencia y efectividad en el uso de Resumen: En el proceso de ejecuci\u00f3n de obras de arquitectura en San Miguel de Tucum\u00e1n, el rol que ejerce el profesional arquitecto en la Conducci\u00f3n de la Obras, resulta tener un impacto significativo en t\u00e9rminos econ\u00f3micos y de calidad del objeto arquitect\u00f3nico, cuyo resultado final se ve reflejado en la satisfacci\u00f3n del usuario. Por lo expuesto vemos que es de vital importancia, colocar a la gesti\u00f3n de la calidad en un lugar destacado dentro del proceso constructivo, e identificar y determinar los puntos o hitos relevantes que inciden o impactan de manera significativa sobre el desempe\u00f1o del mencionado proceso constructivo. Se estudiaran por lo tanto proyectos ejecutados y en ejecuci\u00f3n y se analizar\u00e1n tanto la gesti\u00f3n de la calidad como los resultados obtenidos, determinando e identificando costos, y evaluando la eficiencia y efectividad en el uso de los recursos humanos, materiales y financieros utilizados. Se destaca que el presente proyecto se nutre de la informaci\u00f3n y las conclusiones arribadas de los siguientes proyectos: 26B\/301 (2004) &#8211; El valor de la tierra basado en su aprovechamiento potencial. Valor inmobiliario y gesti\u00f3n profesional para San Miguel de Tucum\u00e1n, el 26B\/403 (2008) &#8211; Soluciones Econ\u00f3micas del H\u00e1bitat Social en Tucum\u00e1n. Optimizaci\u00f3n de los Elementos Constructivos de la Envolvente -, el B502 (2013) &#8211; Evaluaci\u00f3n del costo relativo, en el aumento de la superficie construida, para la vivienda de inter\u00e9s social en la provincia de Tucum\u00e1n y del proyecto B601 (2018) &#8211; Evaluaci\u00f3n de las soluciones de la envolvente para Viviendas de Inter\u00e9s Social y otras obras de arquitectura. Su influencia en el desarrollo del h\u00e1bitat en la regi\u00f3n de los Valles Calchaqu\u00edes Tucumanos &#8211;Objetivos: Se pretende obtener, mediante el desarrollo del presente proyecto de investigaci\u00f3n.1.Elaborar un listado de pautas b\u00e1sicas que deben regir los procesos de revisi\u00f3n e inspecci\u00f3n de los elementos componentes del proyecto arquitect\u00f3nico.2.Elaboraci\u00f3n de un programa de Conducci\u00f3n de Obra, que asegure la calidad del proyecto en las distintas etapas del proceso constructivo, teniendo en cuenta los lineamientos de los ODS3.Elaborar un manual de buenas pr\u00e1cticas profesionales para el Arquitecto Conductor de Obra, que sirva de gu\u00eda al egresado en el ejercicio de su profesi\u00f3n.<\/td>\n<\/tr>\n<tr>\n<td><span style=\"color: #333333;\"><a href=\"https:\/\/www.fau.unt.edu.ar\/proyecto-b703\/\">Proyecto B703<\/a>\u00a0<\/span><\/p>\n<p>2023\/2026<\/td>\n<td><strong>Desigualdades y fragmentaci\u00f3n territorial en el Noroeste Argentino durante el primer cuarto del siglo XXI<\/strong><\/p>\n<p><strong>Directora<\/strong>: Boldrini Peralta, Paula Luciana &#8211; paula_boldrini@hotmail.com<br \/>\n<strong>Co-director:<\/strong> Paolasso, Pablo Cristian &#8211; pauluspao@gmail.com<\/p>\n<p><strong>Integrantes<\/strong>:<br \/>\nArreguez, Pedro David &#8211; pedrodavidarreguez@gmail.com<br \/>\nCanevaro, Sebasti\u00e1n &#8211; ebacanevaro@gmail.com<br \/>\nCerniak, Carolina Marianela &#8211; ccerniak@gmail.com<br \/>\nDurand, Jorge Marcelo &#8211; jmdurandtuc@gmail.com<br \/>\nMalizia, Matilde- matumalizia@yahoo.com.ar<br \/>\nOdstrcil, Guillermo Federico -gfodstrcil@herrera.unt.edu.ar<br \/>\nRol\u00f3n, Carlos Guillermo- guillerolon02@gmail.com<br \/>\nZarb\u00e1, Luc\u00eda- luciazarba@gmail.com<br \/>\nAlvarez, Luis Maria- luialvarezacosta@gmail.com<br \/>\nChavanne, Martina &#8211; martinachavanne@gmail.com<br \/>\nGalvaire Monroy, Esteban Francisco &#8211; galvairemonroyesteban@gmail.com<br \/>\nPaz, Martina- martupaz5@gmail.com<br \/>\nBonardi, Vanina Jaqueline Julieth- jaquelinebonardi@gmail.com<br \/>\nCatt\u00e1neo, Corina Mar\u00eda &#8211; corina.catta@outlook.com<br \/>\nDecima, Debora Leticia- decimaperiodista@gmail.com<br \/>\nDorado, Pablo Ruben &#8211; pablodoradoctca@gmail.com<br \/>\nGarc\u00eda P\u00e9rez, Natalia Bel\u00e9n &#8211; belgarciaperezp@gmail.com<br \/>\nGarc\u00eda Villar, Gonzalo- arqgonzalogv@gmail.com<br \/>\nJerez Lazo, Paula Anahi- paulis763@gmail.com<br \/>\nMoreno, Mar\u00eda Bel\u00e9n- ma.morenobelen@gmail.com<\/p>\n<p>Rodr\u00edguez D\u00edaz, Juan Cruz &#8211; juancruz.rodriguezdiaz@gmail.com<\/p>\n<p><strong>Resumen<\/strong>: En el Noroeste Argentino (NOA), la extrema vulnerabilidad se manifiesta con diferentes din\u00e1micas tanto rurales como urbanas, vinculadas a procesos de desterritorializaci\u00f3n forzada. En este contexto, la falta de planificaci\u00f3n contribuye a que las POL\u00cdTICAS p\u00fablicas y los procesos de autogesti\u00f3n del h\u00e1bitat no logren vincularse de manera arm\u00f3nica. De esta forma, el objetivo de la presente investigaci\u00f3n busca describir, analizar e interpretar las manifestaciones territoriales de la desigualdad y la fragmentaci\u00f3n -teniendo en cuenta diferentes escalas- en el NOA durante el primer cuarto del siglo XXI, con el fin de establecer lineamientos para la elaboraci\u00f3n de POL\u00cdTICAS territoriales apropiadas. Para esto, ser\u00e1 necesario un abordaje regional mediante metodolog\u00edas fundamentalmente cuantitativas, que permitan caracterizar y estudiar las desigualdades a trav\u00e9s de un indicador general como el \u00cdndice de Condiciones de Vida, que muestre de qu\u00e9 manera han evolucionado la fragmentaci\u00f3n y las desigualdades en el NOA. Este primer paso permitir\u00e1 a su vez, describir y caracterizar las manifestaciones territoriales de las desigualdades vitales a trav\u00e9s de nuevas fases de sistematizaci\u00f3n de datos censales. Seguidamente se avanzar\u00e1 con mayores precisiones sobre el modo en que se manifiestan las desigualdades y la fragmentaci\u00f3n, a partir del reconocimiento de las din\u00e1micas propias del comportamiento social, econ\u00f3mico, ambiental y la gesti\u00f3n de POL\u00cdTICAS implementadas en las \u00e1reas urbanas, rurales y periurbanas. Este an\u00e1lisis se llevar\u00e1 a cabo utilizando una plataforma de informaci\u00f3n geogr\u00e1fica que permita el cruce de datos y obtener un segundo nivel de resultados. Sobre esto, se seleccionar\u00e1n casos de estudio, para avanzar en una siguiente fase de trabajo de car\u00e1cter fundamentalmente cualitativo, para profundizar en las caracter\u00edsticas particulares de los procesos de configuraci\u00f3n territorial. Por \u00faltimo y ya en una instancia de reconocimiento de las l\u00f3gicas estructurantes del territorio, se avanzar\u00e1 en la confecci\u00f3n de escenarios futuros que permitan la elaboraci\u00f3n de lineamientos de POL\u00cdTICAS p\u00fablicas a diferentes escalas; considerando ejes comunes, particularidades regionales y casos locales, orientadas a la planificaci\u00f3n y ordenaci\u00f3n del territorio y tendientes a lograr condiciones territoriales m\u00e1s equilibradas.<\/td>\n<\/tr>\n<tr>\n<td><a href=\"https:\/\/www.fau.unt.edu.ar\/proyecto-b704\/\"><span style=\"color: #333333;\"><span style=\"color: #333333;\"><span style=\"color: #333333;\"><span style=\"color: #333333;\"><span style=\"color: #333333;\"><span style=\"color: #333333;\"><span style=\"color: #333333;\">Proyecto B704 2023\/2026<\/span><\/span><\/span><\/span><\/span><\/span><\/span><\/a><\/td>\n<td><strong>AGENDA URBANA EN LA PROVINCIA DE TUCUMAN. Herramientas para fortalecer la capacidad local de gesti\u00f3n<\/strong><\/p>\n<p><strong>Director<\/strong>: Cola, Cristian Carlos Agust\u00edn &#8211; cristianagustin.lp@gmail.com<\/p>\n<p><strong>Integrantes<\/strong>:<br \/>\nC\u00f3rdoba, Federico Carlos &#8211; fdrccc@hotmail.com<br \/>\nOdstrcil, M\u00f3nica Paola &#8211; mpodstrcil@gmail.com<br \/>\nBautista Murillo, Juan Carlos &#8211; juancabm.10@gmail.com<br \/>\nBuenvecino, Paula &#8211; paula_b_93@hotmail.com<br \/>\nCarranque, Maria De La Paz &#8211; mariacarranque@gmail.com<\/p>\n<p><strong>Resumen<\/strong>: <span style=\"font-weight: 400;\">La centralidad de la problem\u00e1tica de las ciudades en el alcance de los Objetivos de Desarrollo Sostenible se pone de manifiesto en la concurrencia que tienen las cuestiones urbano &#8211; territoriales del ODS 11 Ciudades y Comunidades sostenibles y sus metas en relaci\u00f3n con los otros 16 ODS. Ello muestra que atender los temas de la urbanizaci\u00f3n implica una acci\u00f3n clave para el logro de la Agenda 2030.Continuando con abordajes previos del equipo OFUT, se planea en esta propuesta de trabajo interpretar los procesos de cambio del Sistema urbano de Tucum\u00e1n, desde los a\u00f1os 90 y hasta el presente, problematizando las cuestiones socio-territoriales, ambientales y de la gesti\u00f3n urbana. Las tem\u00e1ticas del proyecto \u00a0 son abordadas en la escala metropolitana y en la escala la de la gesti\u00f3n urbana local, considerando el Sistema Metropolitano de Tucum\u00e1n y el conjunto de municipios de segunda y tercera categor\u00eda de la Provincia de Tucum\u00e1n a partir de una selecci\u00f3n de casos representativos. La investigaci\u00f3n se orienta a la construcci\u00f3n de una agenda urbana posible, de alcance provincial, identificando nudos cr\u00edticos y fortaleciendo capacidades para establecer asociaciones p\u00fablico-privadas m\u00e1s inteligentes considerando los principios y las dimensiones urbanas de los ODS. En congruencia con la l\u00ednea de trabajo que se sostiene desde el OFUT, el Programa\u00a0 de trabajo articula\u00a0 1) objetivos de conocimiento, 2) objetivos disciplinares e Institucionales y 1) objetivos de articulaci\u00f3n, vinculaci\u00f3n y transferencia. El perfil del Proyecto atiende a tres dimensiones que se desarrollar\u00e1n simult\u00e1neamente.<\/span><\/td>\n<\/tr>\n<tr>\n<td><a href=\"https:\/\/www.fau.unt.edu.ar\/proyecto-b705-2023-2026\/\"><span style=\"color: #333333;\"><span style=\"color: #333333;\"><span style=\"color: #333333;\"><span style=\"color: #333333;\"><span style=\"color: #333333;\"><span style=\"color: #333333;\"><span style=\"color: #333333;\">Proyecto B705 2023\/2026<\/span><\/span><\/span><\/span><\/span><\/span><\/span><\/a><\/td>\n<td><strong>El patrimonio dom\u00e9stico de Argentina y del NOA. Estudios hist\u00f3rico-cr\u00edticos y estrategias para una conservaci\u00f3n integrada al desarrollo urbano y regional<\/strong><\/p>\n<p><strong>Directora<\/strong>: Chiarello, Ana L\u00eda &#8211; ana.chiarello@gmail.com<\/p>\n<p><strong>Integrantes<\/strong>:<br \/>\nGuzm\u00e1n Coraita, Lucas Mariano &#8211; lucasguzman78@hotmail.com<br \/>\nMalaspina, Lucia Mariana &#8211; luciamalaspina@hotmail.com<br \/>\nMustaf\u00e1, Maria Sofia &#8211; sofiamustafa@hotmail.com<br \/>\nRamos, Cynthia Karina &#8211; ka.ramos711@hotmail.com<br \/>\nSantiba\u00f1ez, Gabriela &#8211; arq.mgsantibanez@gmail.com<br \/>\nBruhl, Francisco &#8211; franciscojbruhl@hotmail.com<br \/>\nCotella, Josefina &#8211; jocotella@gmail.com<br \/>\nGuanco, Einer Gerson &#8211; einerguanco@gmail.com<\/p>\n<p><strong>Resumen<\/strong><span style=\"font-weight: 400;\">: A lo largo del tiempo, perduran en el pa\u00eds viviendas que, ya sea por su alto valor arquitect\u00f3nico, o por ser tipos consolidados en la memoria colectiva, en la preferencia de los usuarios, o que cualifican ciertos sectores, ciudades, e incluso regiones, y que constituyen hoy su patrimonio dom\u00e9stico hist\u00f3rico. Es importante destacar que el patrimonio dom\u00e9stico es un componente identitario b\u00e1sico, por su preeminencia en todo h\u00e1bitat humano, ya sean ciudades, peque\u00f1os poblados o \u00e1reas rurales. Sin embargo, la categor\u00eda de patrimonio dom\u00e9stico es de reciente incorporaci\u00f3n y, por su complejidad, se constituye en una problem\u00e1tica particular en el campo del patrimonio cultural urbano arquitect\u00f3nico. Abarca muy diversos tipos, desde las viviendas singulares de alto valor arquitect\u00f3nico, el patrimonio modesto, la vivienda colectiva, la vivienda de inter\u00e9s social, la vivienda urbana, suburbana o rural, etc. Esta amplia naturaleza complejiza a\u00fan m\u00e1s su situaci\u00f3n patrimonial. Este tipo edilicio es cuantitativamente el m\u00e1s significativo sin embargo es el m\u00e1s d\u00e9bil en su condici\u00f3n de patrimonio ya que est\u00e1 afectado por distintos procesos que tienden a su reconversi\u00f3n. la conservaci\u00f3n de este patrimonio dom\u00e9stico est\u00e1 indisolublemente integrada a toda acci\u00f3n de conservaci\u00f3n de otros bienes componentes del patrimonio, cuya presencia permite reforzar su car\u00e1cter patrimonial. Categor\u00edas como las de paisaje cultural, centros hist\u00f3ricos, poblados hist\u00f3ricos, series patrimoniales, etc, favorecen la visibilizaci\u00f3n y reconocimiento de los casos dom\u00e9sticos y por ende permiten desarrollar estrategias conjuntas para su conservaci\u00f3n. Solo una conservaci\u00f3n conjunta e integrada, definida en POL\u00cdTICAS de desarrollo preservacionistas garantizar\u00e1n la pervivencia de los tipos dom\u00e9sticos hist\u00f3ricos de valor. El objetivo principal de esta investigaci\u00f3n es continuar el abordaje, ya iniciado en proyectos PIUNT desde el a\u00f1o 2013, de la particular problem\u00e1tica de la conservaci\u00f3n de la arquitectura dom\u00e9stica de valor patrimonial en el marco del contexto en el que se inserta, tanto desde un punto de vista conceptual y<\/span> <span style=\"font-weight: 400;\">metodol\u00f3gico, como desde la casu\u00edstica en la Argentina, con especial \u00e9nfasis en el NOA y la regi\u00f3n andina, tendiente a desarrollar estrategias de gesti\u00f3n y POL\u00cdTICAS para una conservaci\u00f3n integral urbana y regional.<\/span><\/td>\n<\/tr>\n<tr>\n<td><span style=\"color: #333333;\"><a href=\"https:\/\/www.fau.unt.edu.ar\/7349-2\/\">Proyecto B706<\/a>\u00a0<\/span><\/p>\n<p>2023\/2026<\/td>\n<td><strong>Dise\u00f1o del Espacio P\u00fablico Urbano y Confort Ambiental en el \u00c1rea Metropolitana de Tucum\u00e1n<\/strong><\/p>\n<p><strong>Directora<\/strong>: Cisterna, Marta Susana &#8211; mcisterna@herrera.unt.edu.ar<br \/>\n<strong>Co-directora:<\/strong> Marquez, Gabriela &#8211; sgmarquezvega@herrera.unt.edu.ar<\/p>\n<p><strong>Integrantes<\/strong>:<br \/>\nAtencia Gualda, Sebastian &#8211; sebatencia@gmail.com<br \/>\nGarbero, Luciano Miguel &#8211; lmgarbero@herrera.unt.edu.ar<br \/>\nGonzalo, Guillermo Enrique &#8211; guillermogonzalo@gmail.com<br \/>\nMartinez, Fernando &#8211; fmydarquitectura@gmail.com<br \/>\nRamos, Mariano &#8211; arqmarianoramos@hotmail.com<br \/>\nVilla, Cintya Lorena- clvilla@herrera.unt.edu.ar<br \/>\nMarrades, Candela Melani &#8211; candelamarrades@gmail.com<br \/>\nTadeo Abate, Santiago &#8211; santiagohtadeo.a@gmail.com<\/p>\n<p><strong>Resumen<\/strong>: La investigaci\u00f3n propone el estudio del espacio p\u00fablico urbano en el \u00c1rea Metropolitana de Tucum\u00e1n (AMeT), desde la perspectiva del confort ambiental, con integraci\u00f3n de valoraciones subjetivas. Plantea conocer la relaci\u00f3n entre las caracter\u00edsticas y condiciones que presentan los espacios, conjuntamente con la percepci\u00f3n de los usuarios, para luego, en base a ello, definir estrategias de dise\u00f1o que incorporen aspectos subjetivos y bioclim\u00e1ticos, relacionados con el confort en el \u00e1mbito urbano. Para el estudio de las variables ambientales se proponen conceptos y metodolog\u00eda aportados por la arquitectura y urbanismo bioclim\u00e1ticos, basados en considerar el clima y los recursos naturales, buscando la integraci\u00f3n con el entorno, garantizando la preservaci\u00f3n de los ecosistemas existentes, en direcci\u00f3n a lograr sustentabilidad. Para el abordaje cualitativo se propone la denominada Grounded Theory\u00bb, traducida como \u00abTeor\u00eda Fundamentada\u00bb (TF) o \u00abTeor\u00eda de Base\u00bb. Se aplicar\u00e1n diferentes t\u00e9cnicas que permitan conocer los registros y la valoraci\u00f3n de las condiciones ambientales, percibidas por las personas, situadas en un contexto urbano concreto. Se realizar\u00e1 la articulaci\u00f3n e integraci\u00f3n de los datos para el desarrollo de teor\u00eda que aportar\u00e1 a las conclusiones y a la elaboraci\u00f3n de recomendaciones y estrategias de dise\u00f1o urbano, superadoras de los problemas, conflictos y deficiencias que se hayan detectado.\u00bb<\/td>\n<\/tr>\n<tr>\n<td><a href=\"https:\/\/www.fau.unt.edu.ar\/proyecto-b707\/\"><span style=\"color: #333333;\"><span style=\"color: #333333;\"><span style=\"color: #333333;\"><span style=\"color: #333333;\"><span style=\"color: #333333;\"><span style=\"color: #333333;\"><span style=\"color: #333333;\">Proyecto B707 2023\/2026<\/span><\/span><\/span><\/span><\/span><\/span><\/span><\/a><\/td>\n<td><strong>CALIDAD DEL H\u00c1BITAT Y SUSTENTABILIDAD. Estudios en torno a la dial\u00e9ctica entre espacio p\u00fablico y densidad para alcanzar una habitabilidad urbana sostenible<\/strong><\/p>\n<p><strong>Directora<\/strong>: CUOZZO, ROSA LINA INES &#8211; rlcuozzo@gmail.com<br \/>\n<strong>Co-directora:<\/strong> ALDONATE, SILVIA INES &#8211; saldonate@yahoo.com<\/p>\n<p><strong>Integrantes<\/strong>:<br \/>\nCastro, Dora Del Carmen &#8211; dccastro@herrera.unt.edu.ar<br \/>\nFigueroa, Silvia Patricia &#8211; spfigueroa@gmail.com<br \/>\nGramajo, Lucas &#8211; lukasgramajo@hotmail.com<br \/>\nVittar, Angel Mario &#8211; amvittar@yahoo.com<br \/>\nAranda Villafa\u00f1e, Ana Carolina &#8211; arq.anacarolinaaranda@gmail.com<br \/>\nAuad, Luciana Elena &#8211; lucianaauad@hotmail.com<br \/>\nGomez Lopez, Roberto Matias &#8211; glrmatias24@gmail.com<br \/>\nIdigoras Majolli, Macarena &#8211; maca.majolli@gmail.com<\/p>\n<p><strong>Resumen<\/strong>: El \u00c1rea metropolitana de Tucum\u00e1n (AMET), ciudad capital de la provincia de Tucum\u00e1n evidencia la profundizaci\u00f3n de procesos de fragmentaci\u00f3n, inequidad y mercantilizaci\u00f3n en el acceso al suelo y desigualdad en los modos de habitar ya que cohabitan en la ciudad sectores de caracter\u00edsticas y calidad residencial dis\u00edmiles. La existencia de problemas ambientales estructurales de dif\u00edcil resoluci\u00f3n, agrava esa situaci\u00f3n. El crecimiento urbano se concreta mediante din\u00e1micas urbanas contrapuestas. Por un lado, las nuevas l\u00f3gicas de producci\u00f3n residencial impulsan una sostenida ampliaci\u00f3n territorial traccionada por la difusi\u00f3n de tipolog\u00edas residenciales de baja densidad, localizadas selectivamente en las m\u00e1rgenes cualificadas de la ciudad. Por otro la densificaci\u00f3n de la ciudad consolidada, en especial de las \u00e1reas centrales, no va acompa\u00f1ada de las intervenciones necesarias, en detrimento de la habitabilidad residencial y del espacio urbano a causa del colapso de la red infraestructural, la falta de accesibilidad a bienes y servicios y el evidente deterioro del espacio p\u00fablico. Sobre todo, es escasa la disposici\u00f3n en la ciudad de \u00e1reas verdes tan necesarias por nuestras condiciones bioclim\u00e1ticas. La crisis de sustentabilidad en las \u00faltimas d\u00e9cadas y la irrupci\u00f3n de la pandemia de Covid 19 ha puesto en debate las condiciones de vida en la ciudad y ha tornado prioritario la necesidad de contar con espacios urbanos de calidad donde la poblaci\u00f3n pueda disfrutar de una vida urbana plena; sobre todo ha revalorizado la importancia del espacio p\u00fablico y replantea las densidades de ocupaci\u00f3n residencial en relaci\u00f3n a la habitabilidad del espacio. Es por ello que este proyecto de investigaci\u00f3n busca indagar en la calidad del h\u00e1bitat urbano, profundizando sobre algunos aspectos que inciden en las condiciones de vida de la poblaci\u00f3n, a fin de tender a una mayor sustentabilidad y mejora del espacio que habitamos. En este sentido la reflexi\u00f3n ser\u00e1 en torno a la dial\u00e9ctica entre el espacio p\u00fablico y la densidad residencial y su incidencia en la calidad del h\u00e1bitat.<\/td>\n<\/tr>\n<tr>\n<td><span style=\"color: #333333;\"><a href=\"https:\/\/www.fau.unt.edu.ar\/proyecto-b708\/\">Proyecto B708<\/a>\u00a0<\/span><\/p>\n<p>2023\/2026<\/td>\n<td><strong>Laboratorio de G\u00e9nero y Urbanismo: Desaf\u00edos y estrategias emergentes en torno al h\u00e1bitat, la movilidad cotidiana y los cuidados en el Sistema Metropolitano de Tucum\u00e1n<\/strong><\/p>\n<p><strong>Directora<\/strong>: Czytajlo, Natalia Paola &#8211; nczytajlo@herrera.unt.edu.ar<br \/>\nCo-directora: Gonzalez Alvo, Ines &#8211; igonzalezalvo@herrera.unt.edu.ar<\/p>\n<p><strong>Integrantes<\/strong>:<br \/>\nColina, Mar\u00eda Eugenia &#8211; mcolina@herrera.unt.edu.ar<br \/>\nChehin, Santiago Elias &#8211; santychehin8@gmail.com<br \/>\nSoria Mansilla, Virginia &#8211; virginia.soriamansilla@gmail.com<br \/>\nVidal, Maria Florencia &#8211; maflorenciavidal@gmail.com<br \/>\nGrimaldos Gallegos, Milagros Yubalena &#8211; arquitecta.grimaldos@gmail.com<br \/>\nL\u00f3pez, Jazm\u00edn &#8211; jazmin.en.el.aire@gmail.com<\/p>\n<p><strong>Resumen<\/strong>: El plan de trabajo busca contribuir, desde una perspectiva de g\u00e9nero e interseccional, al abordaje de las desigualdades y estrategias en los territorios con \u00e9nfasis en la vida cotidiana y la inclusi\u00f3n social. La investigaci\u00f3n se enmarca en la perspectiva del derecho a la ciudad\u00bb -paradigma urbano que cuestiona el actual modelo de urbanizaci\u00f3n- desde aproximaciones sucesivas al Sistema Metropolitano de Tucum\u00e1n. Contin\u00faa una trayectoria de trabajo y se consolida en el Laboratorio de G\u00e9nero y Urbanismo, espacio de experimentaci\u00f3n que interpela las dimensiones de la disciplina urbana (interpretativa, cient\u00edfica, prospectiva) y demanda nuevos dispositivos conceptuales, anal\u00edticos, t\u00e9cnicos y de dise\u00f1o. Participa adem\u00e1s de la reflexi\u00f3n disciplinar desde iniciativas e investigaciones articuladas a nivel nacional. El proyecto profundiza y pone en debate cuestiones que la pandemia recoloca como emergentes, vinculadas a los cuidados, el soporte de las actividades reproductivas y de reproducci\u00f3n de la vida. Se recuperan categor\u00edas conceptuales y abordajes metodol\u00f3gicos en relaci\u00f3n a los activos territoriales en el an\u00e1lisis de la vulnerabilidad, la movilidad del cuidado, las infraestructuras para la vida cotidiana, entre otras. Las exploraciones contribuyen al seguimiento de los objetivos del desarrollo sostenible: ODS 11 (ciudades inclusivas) y ODS 5 (igualdad de g\u00e9nero), en relaci\u00f3n al ODS 10 (reducci\u00f3n de las desigualdades) y ODS 3 (bienestar y la vida sana). Por otro lado, la investigaci\u00f3n se asienta en el Plan Estrat\u00e9gico Institucional de la UNT (2021-2030), que asume la universidad como una instituci\u00f3n democr\u00e1tica, garante de las libertades y los DDHH, promotora de las igualdades y las POL\u00cdTICAS de g\u00e9nero. La l\u00ednea de trabajo se refuerza a partir de RRHH formados en el nivel m\u00e1ximo de postgrado que vincula la tem\u00e1tica de g\u00e9nero con la de movilidad cotidiana y de cuidados- que se incorpora en la co-direcci\u00f3n del proyecto. Asimismo, se avanza con los procesos de formaci\u00f3n de becarias y tesistas que forman parte del equipo. La coherencia y articulaci\u00f3n con otros proyectos del espacio de trabajo est\u00e1 dada por los objetivos, m\u00e9todos y resultados que persigue el equipo de trabajo en la interacci\u00f3n con otros espacios de laboratorio como el de ambiente y paisaje- la docencia, la extensi\u00f3n y la vinculaci\u00f3n tecnol\u00f3gica. Se busca satisfacer tres tipos de objetivos: a) de investigaci\u00f3n, b) disciplinares e Institucionales, c) de articulaci\u00f3n, vinculaci\u00f3n y extensi\u00f3n.<\/td>\n<\/tr>\n<tr>\n<td><span style=\"color: #333333;\"><a href=\"https:\/\/www.fau.unt.edu.ar\/proyecto-b709-2023-2026\/\">Proyecto B709<\/a>\u00a0<\/span><\/p>\n<p>2023\/2026<\/td>\n<td><strong>LA ENVOLVENTE EXTERIOR DE LA EDIFICACI\u00d3N CON TECNOLOG\u00cdA EN SECO. ESTRATEGIAS CONSTRUCTIVAS PARA UNA ARQUITECTURA SOSTENIBLE EN LA REGI\u00d3N DEL NOA<\/strong><\/p>\n<p><strong>Directora<\/strong>: Fajre De Rozenberg, Nora Mabel &#8211; nfajre@gmail.com<br \/>\n<strong>Co-director:<\/strong> Elsinger, Enrique Alejandro &#8211; arqelsinger@gmail.com<\/p>\n<p><strong>Integrantes<\/strong>:<br \/>\nElsinger, David &#8211; arq.delsinger@gmail.com<br \/>\nGuibarguis, Fernando David &#8211; arq_guibarguis@yahoo.com.ar<br \/>\nLeal, Isabel Trinidad Del Valle &#8211; isabeltleal@hotmail.com<br \/>\nPanico, Patricia Alejandra &#8211; ppanico67@gmail.com<br \/>\nRozenberg, Marcela Alejandra- marce_rozen@hotmail.com<br \/>\nVillares, Maria Constanza- cuti.villares@hotmail.com<\/p>\n<p><strong>Resumen<\/strong>: Distintos organismos de la sociedad se preocuparon por el desequilibrio del ecosistema, en consecuencia, en la ONU plantearon acciones a implementar acorde a la Agenda 2030 para el Desarrollo Sostenible. Uno de los objetivos en los que se proponen actuar (O.D.S. N\u00ba11) es el desabastecimiento de los recursos energ\u00e9ticos no renovables y el alto riesgo de contaminaci\u00f3n generado por la producci\u00f3n de esta energ\u00eda. La arquitectura no es ajena a esta problem\u00e1tica y se enfoc\u00f3 en realizar edificios correctamente aislados ante los agentes clim\u00e1ticos, bas\u00e1ndose en el principio que plantea reducir el consumo y en consecuencia el gasto energ\u00e9tico. En concordancia a estas preocupaciones y con una mirada al futuro por el cuidado del agua, la tecnolog\u00eda constructiva en seco se sit\u00faa como una alternativa competitiva ante la construcci\u00f3n h\u00fameda y tradicional ya que no interviene el agua como catalizador del proceso constructivo. El presente proyecto se propone profundizar la l\u00ednea de investigaci\u00f3n sobre las estrategias constructivas de la envolvente exterior (techos y paredes) que se realicen con la tecnolog\u00eda en seco. Los resultados de la investigaci\u00f3n se reflejar\u00e1n en pautas de dise\u00f1os constructivos, con \u00e9nfasis en las soluciones clim\u00e1ticas especificadas para la regi\u00f3n y con la producci\u00f3n de t\u00e9cnicas locales, para que contribuyan a un mayor grado de sustentabilidad de la edificaci\u00f3n. Se considera un aporte al campo constructivo, ya que no existe bibliograf\u00eda espec\u00edfica del tema con este enfoque, ni un marco te\u00f3rico anal\u00edtico sobre el mismo, que contemplen el clima y la producci\u00f3n local. Los resultados del marco te\u00f3rico- conceptual contribuir\u00e1n a la comprensi\u00f3n de la envolvente en su conjunto, con una tecnolog\u00eda constructiva de poca difusi\u00f3n para nuestro medio. Las pautas constructivas, se aplicar\u00e1n directamente a la pr\u00e1ctica de la ejecuci\u00f3n de obras, con el objeto de minimizar los riesgos de patolog\u00edas edilicias. Se evidencia un vac\u00edo de reglamentaci\u00f3n en el uso regional de esta tecnolog\u00eda. Indagaciones ya realizadas, con organismos provinciales y universitarios, nos expresan la importancia del tema a investigar y plantea la posibilidad de trabajar articuladamente Universidad y Provincia. Se considera un precedente para futuros manuales t\u00e9cnicos, de uso acad\u00e9mico y profesional, con aplicaci\u00f3n inmediata en la producci\u00f3n de obras. Tambi\u00e9n se prev\u00e9 que podr\u00eda proyectarse como un aporte a futuras normativas que se realicen sobre este tipo de construcci\u00f3n en la regi\u00f3n.<\/td>\n<\/tr>\n<tr>\n<td><span style=\"color: #333333;\"><a href=\"https:\/\/www.fau.unt.edu.ar\/proyecto-b710-2\/\">Proyecto B710<\/a>\u00a0<\/span><\/p>\n<p>2023\/2026<\/td>\n<td><strong>DESARROLLO DE INSTRUMENTOS PARA LA GESTI\u00d3N PARTICIPATIVA DEL PAISAJE CULTURAL Y NATURAL EN LA QUEBRADA DE HUMAHUACA (JUJUY) Y TUCUM\u00c1N<\/strong><\/p>\n<p><strong>Directora<\/strong>: Ferrari, M\u00f3nica &#8211; m_ferrari10@yahoo.com.ar<\/p>\n<p><strong>Integrantes<\/strong>:<br \/>\nBruna, Luis Alberto &#8211; lbruna@sinectis.com.ar<br \/>\nGarro Vidal, Jimena Martha- jimenagarro@yahoo.com.ar<br \/>\nMancini, Clara Elisa- claraemancini@gmail.com<br \/>\nSalvatierra, Susana Enriqueta- ssalvatierra@yahoo.com<br \/>\nSimeoni, Daniel Roberto-danielsimeoni@gmail.com<br \/>\nTevez, Leticia Valeria-arqleticiatevez@gmail.com<br \/>\nTommei, Constanza In\u00e9s-ctommei@gmail.com<br \/>\nBarrera, Oscar David-barreradavid501@gmail.com<br \/>\nBennasar, Mar\u00eda Delfina-delfinabennasar@gmail.com<br \/>\nCari, Claudia Valeria-claudiavaleriacari@gmail.com<br \/>\nCruzado, Mar\u00eda Bel\u00e9n-belucruzado@gmail.com<br \/>\nMafud, Leyla Yamila-leylayamilam@gmail.com<br \/>\nMartinelli, Oriana Mar\u00eda-ori.martinelli@gmail.com<br \/>\nReginato, Micaela-micaelareginato.mr@gmail.com<br \/>\nRivero, Renzo Miguel-renzorivero3@gmail.com<br \/>\nSosa, Gustavo Matias-gmatiassosa@gmail.com<br \/>\nTobchi De La Pe\u00f1a, Maria Emilia-maritobchi@hotmail.com<br \/>\nAcosta, Patricia Mariana-patriciamarianacosta@hotmail.com<br \/>\nVillavicencio, Mariana-naruxa@gmail.com<\/p>\n<p><strong>Resumen<\/strong>: El proyecto desarrollar\u00e1 una l\u00ednea de investigaci\u00f3n en correspondencia con dos provincias en las que se han detectado necesidades para un desarrollo sustentable con reconocimiento, diagn\u00f3stico para la planificaci\u00f3n y preservaci\u00f3n de recursos paisaj\u00edsticos. En primer lugar, se continuar\u00e1 e intensificar\u00e1 la investigaci\u00f3n en la Quebrada de Humahuaca (QDH) Patrimonio Mundial (tema que se ha venido desarrollando en proyectos anteriores). En segundo lugar, a partir de los avances en este sitio se realizar\u00e1n extrapolaciones metodol\u00f3gicas para abordar estudios en la Arquidi\u00f3cesis de Tucum\u00e1n (ADT) correspondiente a la mitad norte de la provincia. Estas \u00e1reas revelan un particular inter\u00e9s por las posibilidades de articulaci\u00f3n de conocimientos adquiridos en trabajos de tesis de maestr\u00eda y doctoral, y por la oportunidad de verificaci\u00f3n de metodolog\u00edas desarrolladas. El proyecto tiene como objetivo general: generar la construcci\u00f3n de instrumentos para desarrollar un proceso de gesti\u00f3n con el fin de preservar el paisaje cultural evitando la desterritorializaci\u00f3n, ponderando la equidad, la conservaci\u00f3n de la autenticidad y la integridad. Dichos instrumentos se utilizar\u00e1n para establecer propuestas de normativas o l\u00edneas directrices, que orienten el accionar hacia el desarrollo local y regional mediante un proceso operativo de participaci\u00f3n comunitaria que integre a los actores sociales involucrados. El proyecto pretende dar respuesta a un sector del conocimiento que, hasta donde sabemos, constituye un \u00e1rea de vacancia en lo relacionado a las transformaciones territoriales producidas por la din\u00e1mica de los cambios, al conocimiento integral u hol\u00edstico del paisaje, a la relaci\u00f3n entre sus componentes, a la detecci\u00f3n de \u00e1reas de mayor concentraci\u00f3n de recursos paisaj\u00edsticos, a la delimitaci\u00f3n no arbitraria de unidades de paisaje, a la determinaci\u00f3n de las \u00e1reas de mayor valor que estar\u00e1n plasmadas en el cat\u00e1logo y el desarrollo de una normativa para la Quebrada de Humahuaca (espec\u00edficamente para Purmamarca) y en otros instrumentos tales como los inventarios y cat\u00e1logos. Metodol\u00f3gicamente se trabajar\u00e1 con t\u00e9cnicas cualitativas basadas en: observaciones, trabajos de campo, encuestas, talleres con participaci\u00f3n de la comunidad y actores sociales clave.<\/td>\n<\/tr>\n<tr>\n<td><span style=\"color: #333333;\"><a href=\"https:\/\/www.fau.unt.edu.ar\/proyecto-b711\/\">Proyecto B711<\/a>\u00a0<\/span><\/p>\n<p>2023\/2026<\/td>\n<td><strong>CONTEXTO GLOBAL Y LOCAL EN EL APRENDIZAJE DEL PROYECTO ARQUITECT\u00d3NICO: CONCEPCI\u00d3N Y MATERIALIZACI\u00d3N. FUNDAMENTOS PARA LA RENOVACI\u00d3N CURRICULAR<\/strong><\/p>\n<p><strong>Director<\/strong>: Mas, Jorge Marcelo &#8211; jmmas@herrera.unt.edu.ar<\/p>\n<p><strong>Integrantes<\/strong>:<br \/>\nAr\u00e1oz, Soledad &#8211; solearaoz@gmail.com<br \/>\nCordoba, Victoria Del Valle &#8211; victoriacordoba14@gmail.com<br \/>\nFerreyra, Irene Cecilia- iferreyra@herrera.unt.edu.ar<br \/>\nGonz\u00e1lez, Alfredo Nicol\u00e1s-arq.nicolas.gonzalez@gmail.com<br \/>\nRamos Catal\u00e1n, Lucia Elena-arqluciaramos@gmail.com<br \/>\nRAMOS, CLAUDIA BEATRIZ- cramos@herrera.unt.edu.ar<br \/>\nREAL, SERGIO TRIST\u00c1N- sergioreal2003@hotmail.com<br \/>\nRODRIGUEZ, MYRIAM TERESA-mtrodri29@yahoo.com.ar<br \/>\nROMERO, NICOL\u00c1S ALEJANDRO MANUEL-romeronam@gmail.com<br \/>\nSALEME, JOS\u00c9 MAR\u00cdA-jmsaleme@gmail.com<br \/>\nURIBIO, MARIA ALEJANDRA-auribio@yahoo.com<\/p>\n<p><strong>Resumen<\/strong>: Este proyecto se inscribe en l\u00edneas de investigaci\u00f3n iniciadas en el proyecto PIUNT B-607. Pretende aportar replanteos sobre metodolog\u00edas proyectuales en el actual contexto de globalizaci\u00f3n. Es posible entender a la arquitectura como un contenedor de actividades humanas que ayuda a la existencia y supervivencia del hombre. A su vez, contiene y expresa las caracter\u00edsticas sustanciales de la cultura de un lugar. El car\u00e1cter simb\u00f3lico de la arquitectura de contener y manifestar los rasgos y valores colectivos de una comunidad, es un continuo constructo de identidad. Por otro lado, dise\u00f1ar un edificio que se conecte de manera adecuada con el lugar es una urgencia \u00e9tica que legitimiza la funci\u00f3n social de la arquitectura. Adem\u00e1s, ponderar la cultura del sitio, tomando las referencias de la estirpe, el legado de las costumbres y la capacidad de un pueblo de crear un \u00e1mbito social y pol\u00edtico, constituye un insumo esencial para facilitar la apropiaci\u00f3n por parte del colectivo social. Asimismo, el proyecto arquitect\u00f3nico da forma y sustento a un espacio en estrecha relaci\u00f3n a materiales y t\u00e9cnicas concretas. Esta relaci\u00f3n se denomina Tecno-morfolog\u00eda y regula la concepci\u00f3n y materializaci\u00f3n de todo objeto. En el caso de la arquitectura, el objeto es el espacio, que vincula variables clim\u00e1ticas, geogr\u00e1ficas, antropol\u00f3gicas, culturales, simb\u00f3licas, entre otras. A pesar de ello, el pensamiento y pr\u00e1ctica proyectual en nuestro medio, est\u00e1n atravesados por la creciente influencia del fen\u00f3meno de la globalizaci\u00f3n y la hiperconectividad, procesos fuertemente instalados y aparentemente irreversibles. El s\u00edntoma se expresa en producciones proyectuales donde la conexi\u00f3n entre arquitectura y lugar es cada vez m\u00e1s d\u00e9bil o inexistente. Para abordar esta problem\u00e1tica es indispensable compatibilizar la funci\u00f3n docente, con la investigaci\u00f3n, la extensi\u00f3n y la gesti\u00f3n institucional, generando un v\u00ednculo entre ellas, potenciando los recursos humanos y f\u00edsicos, comprometi\u00e9ndolos en la funci\u00f3n social de la arquitectura. La propuesta se enmarca en el proceso de Diagn\u00f3stico y Autoevaluaci\u00f3n Institucional de la FAU-UNT. El prop\u00f3sito es ofrecer, desde el \u00e1rea proyectual, instrumentos para la reconfiguraci\u00f3n de las pr\u00e1cticas de ense\u00f1anza y aprendizaje en los talleres de Proyecto Arquitect\u00f3nico con una mirada interdisciplinaria inclusiva, una visi\u00f3n compartida y objetivos comunes, que otorgan prioridad a las personas, al planeta y que son necesarias a nivel mundial, regional, nacional y local.<\/td>\n<\/tr>\n<tr>\n<td><a href=\"https:\/\/www.fau.unt.edu.ar\/proyecto-b712-2\/\"><span style=\"color: #333333;\"><span style=\"color: #333333;\"><span style=\"color: #333333;\"><span style=\"color: #333333;\"><span style=\"color: #333333;\"><span style=\"color: #333333;\"><span style=\"color: #333333;\">Proyecto (B712) 2023\/2026<\/span><\/span><\/span><\/span><\/span><\/span><\/span><\/a><\/td>\n<td><strong>H\u00c1BITAT Y DESARROLLO: SOPORTES PARA SU SUSTENTABILIDAD<\/strong><\/p>\n<p><strong>Directora<\/strong>: GARZ\u00d3N, BEATRIZ SILVIA \u2013 bgarzon2022@gmail.com<br \/>\n<strong>Co-director:<\/strong> JIMENEZ, JOSE LUIS ANTONIO &#8211; piojimenez@hotmail.com<\/p>\n<p><strong>Integrantes<\/strong>:<br \/>\nABELLA LAZARTE, ROMINA CONSTANZA-arqrominaabella@gmail.com<br \/>\nBOLLEA, SEBASTIAN-sebastianbollea@hotmail.com<br \/>\nCHARAF, ANAHI CRISTINA-anahicharaf@gmail.com<br \/>\nELSINGER, DAVID-arq.delsinger@gmail.com<br \/>\nFAGRE, LILIANA IRENE-lfagre@face.unt.edu.ar<br \/>\nFERN\u00c1NDEZ, AMALITA-amalitaf93@gmail.com<br \/>\nGIULIANO RAIMONDI, GABRIELA MAR\u00cdA DEL CARMEN-gm.giuliano@gmail.com<br \/>\nJUAREZ, ISABEL DEL VALLE-isa90jua@gmail.com<br \/>\nORTEGA, MAT\u00cdAS EDUARDO-mateduortega@hotmail.com<br \/>\nREARTE, SUSANA BEATRIZ-subrearte22@gmail.com<br \/>\nSAEZ, VANESA CELINA-vanesaez@gmail.com<br \/>\nCANCINO, V\u00cdCTOR LUIS ALBERTO-luiscancino1892@gmail.com<br \/>\nCAZ\u00d3N NARVAEZ, AGUSTINA-agus.cazon93@gmail.com<br \/>\nGODOY, JES\u00daS IGNACIO-nachogodoy24@gmail.com<br \/>\nGONZ\u00c1LEZ RUIZ, LUCAS GABRIEL-lucasgrlucasgr@gmail.com<br \/>\nMART\u00cdNEZ, FRANCISCO ROQUE NICOL\u00c1S- xisco.martinez.98@gmail.com<\/p>\n<p><strong>Resumen<\/strong>: La Propuesta propone desarrollar ideas, herramientas y acciones tendientes a la Sustentabilidad del H\u00e1bitat Dom\u00e9stico (Viviendas) y Comunitario (Escuelas, Centros de Salud, Auditorios, Edificios Patrimoniales, Espacios p\u00fablicos, etc.) y el Desarrollo tanto Urbanos como Rurales de 3 provincias del Norte Grande Argentino, en \u00e1reas pertenecientes a diferenciadas zonas biombientales, geogr\u00e1ficas, etc. Busca continuar trabajando con sectores de inter\u00e9s social y con pobladores con NBI, Organizaciones de Base e Instituciones Gubernamentales y ONGs, en aquellos en los que surjan demandas y\/o se detecten las problem\u00e1ticas que se abordar\u00e1n a nivel local, nacional o internacional; su prop\u00f3sito, adem\u00e1s, es brindar respuestas cogestionarias a problem\u00e1ticas del H\u00e1bitat y del Desarrollo y de su Adecuaci\u00f3n Bioambiental, mediante una visi\u00f3n globalizadora hol\u00edstica, intersectorial, interinstitucional y transdisciplinaria , consider\u00e1ndose os atravesamientos que se planteen y\/o surjan. El objeto de estudio son Las Estrategias y Recursos No Convencionales orientados al Cuidado del Ambiente, al Acondicionamiento T\u00e9rmico y Ac\u00fastico y las Instalaciones Complementarias con Uso Racional de la Energ\u00eda y\/o de Energ\u00edas Renovables, los Materiales y Sistemas Tecnol\u00f3gicos Alternativos, la Generaci\u00f3n de Situaciones Productivas y de Arraigo para la Sustentabilidad del H\u00e1bitat y el Desarrollo (Rural y\/o Urbano) y a la autosufiencia familiar y comunitaria. La metodolog\u00eda es la investigaci\u00f3n cualitativa y cuantitativa. Se usar\u00e1 la Investigaci\u00f3n-Acci\u00f3n Participativa, como encuentro entre teor\u00eda y pr\u00e1ctica, no como m\u00e9todo \u00fanico, pues se atravesar\u00e1 por otros. Se ubica en el nivel anal\u00edtico-descriptivo; permitir\u00e1 el estudio de casos; se utilizar\u00e1 el m\u00e9todo correlacional y el experimental; ser\u00e1 b\u00e1sica y aplicada. Todo ello para generar diagn\u00f3sticos y soluciones apropiadas y apropiables a los contextos -natural y cultural- en cuesti\u00f3n; y, para lograr est\u00edmulos y factores de cambio hacia el bienestar de las comunidades involucradas, su mejor inserci\u00f3n en la sociedad y el medio productivo.<\/td>\n<\/tr>\n<tr>\n<td><span style=\"color: #333333;\"><a href=\"https:\/\/www.fau.unt.edu.ar\/proyecto-b713-2\/\">Proyecto (B713)<\/a>\u00a0<\/span><\/p>\n<p>2023\/2026<\/td>\n<td><strong>Reconsideraciones en torno al H\u00e1bitat contempor\u00e1neo<\/strong><\/p>\n<p><strong>Directora<\/strong>: G\u00d3MEZ L\u00d3PEZ, CLAUDIA FERNANDA &#8211; claugolo@gmail.com<br \/>\n<strong>Co-directora:<\/strong> CICHERO, PILAR &#8211; pilycichero@gmail.com<\/p>\n<p><strong>Integrantes<\/strong>:<br \/>\nABDELNUR, CLAUDIA ALEJANDRA &#8211; arqabdelnur@arnet.com.ar<br \/>\nALBORNOZ, MARIA LOURDES F\u00c1TIMA-albornozlu@gmail.com<br \/>\nCASTA\u00d1EDA NORDMANN, ANA LAURA-anuchicn@hotmail.com<br \/>\nCUENYA, ANA-arq.anacuenya@gmail.com<br \/>\nFERNANDEZ, MARIANA-fernandez.mariana.a@gmail.com<br \/>\nHUAIER, SERGIO DAVID JORGE-shestudio03@yahoo.com.ar<br \/>\nHURTADO, ANA L\u00cdA-hurtado_analia@hotmail.com<br \/>\nLASKOWSKI, MAR\u00cdA CECILIA-cecila.laskowski@gmail.com<br \/>\nMAN, MAXIMILIANO-maximiliano_man@hotmail.com<br \/>\nMORENO, LUZ ALEJANDRA-arqluciernaga@hotmail.com<br \/>\nQUIPILDOR, FATIMA ELIZABETH-fatiquip@gmail.com<br \/>\nROJAS VITRY, ADRI\u00c1N GABRIEL-agrojasvitry@herrera.unt.edu.ar<br \/>\nROMERO, GONZALO PATRICIO-correo.kalaka@gmail.com<br \/>\nSALVATIERRA, SUSANA ENRIQUETA-ssalvatierra@yahoo.com<br \/>\nVERA, MAURO FACUNDO-maurofvera@outlook.com<\/p>\n<p>VILLA, CINTYA LORENA-rqcisterna@gmail.com<br \/>\nGARAY, ANA-la_garay@hotmail.com<br \/>\nRAM\u00d3N, AGUSTINA-aguramon.1@gmail.com<br \/>\nMOPTY, CAMILA AGUSTINA-camilamopty@gmail.com<br \/>\nOLIVAREZ, JOAQUIN EZEQUIEL-joaquinolivarez.arq@gmail.com<\/p>\n<p><strong>Resumen<\/strong>: La presente investigaci\u00f3n nuclea y articula un conjunto de investigaciones que abordan preocupaciones y exploraciones te\u00f3ricas, epistemol\u00f3gicas, metodol\u00f3gicas y pr\u00e1cticas relativas al habitar el territorio en el contexto actual. La misma se sustenta en una mirada multiescalar sobre fen\u00f3menos regionales, metropolitanos, rurales, urbanos, de los espacios p\u00fablicos y del \u00e1mbito dom\u00e9stico, atravesados por una coyuntura (pol\u00edtica, econ\u00f3mica) com\u00fan, aunque esto no impacte ni se exprese de manera homog\u00e9nea en t\u00e9rminos de grupos y clases sociales. Esta mirada sobre nuestra contingencia y su expresi\u00f3n espacial viene siendo motivo de estudio desde el a\u00f1o 2001 ininterrumpidamente con proyectos de investigaci\u00f3n y tesis doctorales que dan cuenta con distintos niveles de criticidad y con cierta variabilidad en los aspectos que se destacan en estos procesos de un fen\u00f3meno de fragmentaci\u00f3n socioespacial sostenido y agravado en los \u00faltimos a\u00f1os y puesto en crisis y ciertamente desnaturalizado a ra\u00edz de la pandemia del COVID-19 y todo lo que \u00e9sta vino a interpelar a los estudios urbanos y territoriales. El proyecto articula intereses y temas de estudio diversos que dan cuenta de la complejidad y multidimensionalidad del estudio del h\u00e1bitat, focalizados todos en el inter\u00e9s por develar cu\u00e1les y de qu\u00e9 manera distintos procesos asociados a POL\u00cdTICAS p\u00fablicas y pr\u00e1cticas sociales organizadas de integraci\u00f3n socio-urbana se contraponen a la fragmentaci\u00f3n socio-espacial, especialmente aquellos vinculadas a los sectores y barrios populares y a su manifestaci\u00f3n en el estudio de los espacios p\u00fablicos urbanos, con una mirada en la accesibilidad, las centralidades y las nociones de significaci\u00f3n o representaci\u00f3n social aplicable a estos casos. La investigaci\u00f3n no se limita al \u00e1mbito urbano, sino que incluye el estudio de dimensiones del h\u00e1bitat rural, estableciendo algunas variables en com\u00fan en su vinculaci\u00f3n a pr\u00e1cticas y POL\u00cdTICAS p\u00fablicas asociados tanto a los procesos de fragmentaci\u00f3n como de integraci\u00f3n en este tipo de realidades, presumiblemente diferenciales a las que se dan en contextos m\u00e1s urbanizados. Desde el punto de vista epistemol\u00f3gico, se propone profundizar en temas y autores te\u00f3ricos vinculados a lo que podr\u00eda denominarse urbanismo cr\u00edtico y a la sustentabilidad en general -en particular al estudio de la movilidad-, y de c\u00f3mo esta influye y afecta a la formaci\u00f3n disciplinar vinculada al dise\u00f1o urbano y arquitect\u00f3nico y a la pr\u00e1ctica profesional.<\/td>\n<\/tr>\n<tr>\n<td><a href=\"https:\/\/www.fau.unt.edu.ar\/proyecto-b714-2\/\"><span style=\"color: #333333;\"><span style=\"color: #333333;\"><span style=\"color: #333333;\"><span style=\"color: #333333;\"><span style=\"color: #333333;\"><span style=\"color: #333333;\"><span style=\"color: #333333;\">Proyecto (B714) 2023\/2026<\/span><\/span><\/span><\/span><\/span><\/span><\/span><\/a><\/td>\n<td><strong>Propuesta para un \u00abSistema de Gesti\u00f3n de Aprendizaje\u00bb para disciplinas proyectuales<\/strong><\/p>\n<p><strong>Director<\/strong>: G\u00d3MEZ L\u00d3PEZ, ROBERTO &#8211; roberto_gl@hotmail.com<\/p>\n<p><strong>Co-director:<\/strong> BARRIONUEVO, LUIS FERNANDO &#8211; <a href=\"mailto:lbarrionuevo@gmail.com\"><span style=\"font-weight: 400;\">lbarrionuevo@gmail.com<\/span><\/a><\/p>\n<p><strong>Integrantes<\/strong>:<\/p>\n<p>BLANCO, SEBASTIAN<span style=\"font-weight: 400;\">&#8211;<\/span><span style=\"font-weight: 400;\">pilasio@hotmail.com<\/span><\/p>\n<p>BORSETTI, RICARDO ENRIQUE<span style=\"font-weight: 400;\">&#8211;<\/span><span style=\"font-weight: 400;\">ricardo_borsetti@hotmail.com<\/span><\/p>\n<p>JULI\u00c1, SOLEDAD-soledad_julia@yahoo.com.ar<br \/>\nKALIMAN, RODOLFO JULIO-rkaliman@herrera.unt.edu.ar<br \/>\nMARQUEZ, VALERIA MABEL-valeriamarquez_v@yahoo.com<br \/>\nMONTECINOS, MIGUEL ANGEL-mangel_mimont@hotmail.com<br \/>\nPALISA, RAMON ALEJANDRO-ramonpalisa@hotmail.com<br \/>\nSAITO, KEIKO ELENA-keiko.saito@yahoo.com.ar<\/p>\n<p><strong>Resumen<\/strong>: El presente proyecto se propone dise\u00f1ar y desarrollar un Sistema de Gesti\u00f3n de Aprendizaje para disciplinas proyectuales. El dise\u00f1o responde al perfil de necesidades y criterios pedag\u00f3gicos propios de las materias proyectuales de una Facultad de Arquitectura. El desarrollo se realizar\u00e1 sobre una plataforma del tipo Learning Management System o Content Management System, bajo software libre.<\/td>\n<\/tr>\n<tr>\n<td><a href=\"https:\/\/www.fau.unt.edu.ar\/proyecto-b715-2\/\"><span style=\"color: #333333;\"><span style=\"color: #333333;\"><span style=\"color: #333333;\"><span style=\"color: #333333;\"><span style=\"color: #333333;\"><span style=\"color: #333333;\"><span style=\"color: #333333;\">Proyecto (B715) 2023\/2026<\/span><\/span><\/span><\/span><\/span><\/span><\/span><\/a><\/td>\n<td><strong>DE LA ARQUITECTURA VERN\u00c1CULA A LA ARQUITECURA CONTEMPOR\u00c1NEA. DISE\u00d1O, RECURSOS, MATERIALES, EFICIENCIA Y SOSTENIBILIDAD<\/strong><\/p>\n<p><strong>Directora<\/strong>: GRAMAJO, PATRICIA &#8211; patrigramajo@gmail.com<br \/>\n<strong>Co-directora:<\/strong> CASTELLANOS MURGA, MAR\u00cdA DE LOURDES &#8211; mlcastellanosmurga@herrera.unt.edu.ar<\/p>\n<p><strong>Integrantes<\/strong>:<br \/>\nARIAS, LUC\u00cdA ELIZABETH-ely_arias@hotmail.com<br \/>\nOC\u00d3N, MAR\u00cdA EUGENIA-eugee.ocon@hotmail.com<br \/>\nTORANZOS ASTORGA, MARCOS ESEQUIEL-marcostoranzos@gmail.com<br \/>\nVAZQUEZ OLID, FACUNDO-facuvazq94@gmail.com<\/p>\n<p><strong>Resumen<\/strong>: Podemos advertir que las estrategias utilizadas por el mundo animal para la configuraci\u00f3n de sus cobijos se asemejan a las del hombre a la hora de construir e imaginar nuevos espacios habitables. La arquitectura vern\u00e1cula representa la arquitectura que se dise\u00f1a en consonancia con el territorio en el que se encuentra y con sus habitantes. Las estructuras de la misma se construyen con los recursos que posee la regi\u00f3n en la que se construyen. Como resultado, estos edificios resisten muy bien las condiciones clim\u00e1ticas de la regi\u00f3n. El estilo de la arquitectura propia de un lugar se nutre de materiales locales, t\u00e9cnicas y soluciones constructivas particulares. Se enfoca en las necesidades espec\u00edficas de una regi\u00f3n, teniendo en cuenta el clima, los conocimientos, la disponibilidad de materiales de construcci\u00f3n y las tradiciones locales. Este tipo de arquitectura est\u00e1 estrechamente relacionada con la sustentabilidad. Esta arquitectura est\u00e1 influenciada por una amplia gama de aspectos, desde el comportamiento humano hasta el medio ambiente, lo que da como resultado muchas formas diferentes de edificios para casi todos los contextos. La arquitectura contempor\u00e1nea est\u00e1 marcada por diferentes influencias y re\u00fane un conjunto de caracter\u00edsticas y tendencias, que revelan la mezcla de diversas preferencias como la moderna y la posmoderna, en un comportamiento definido como pluralismo. Destacan las casas o edificios con formas irregulares, inusuales, plantas abiertos, grandes ventanales y el atractivo del uso de materiales reutilizables. As\u00ed, ir\u00f3nicamente, la arquitectura que en el inicio del siglo XX pretend\u00eda ser, y se presentaba, como soluci\u00f3n arquitectura o revoluci\u00f3n, dec\u00eda Le Corbusier se mira al final de ese siglo como parte integrante del problema. La humanidad percibi\u00f3 el agotamiento y la limitaci\u00f3n de los recursos del planeta, siendo hoy demasiado obvio que el mito del desarrollo infinito se desmoron\u00f3, quedando en su lugar la opresiva percepci\u00f3n de una crisis irresoluble. Todav\u00eda no se puede decir que los arquitectos modernos no estuviesen atentos a esa realidad, sin detenerse sobre la percepci\u00f3n de la ecolog\u00eda, ve\u00edan la necesidad de una cualidad ambiental, en un mundo que cambiaba r\u00e1pidamente y para el cual la creciente deshumanizaci\u00f3n de las grandes ciudades no ofrec\u00eda respuesta, y m\u00e1s a\u00fan, en el primer tercio del siglo XXI seguimos buscando esa respuesta de sostenibilidad.<\/td>\n<\/tr>\n<tr>\n<td>P<a href=\"https:\/\/www.fau.unt.edu.ar\/proyecto-b716\/\">royecto (B716) 2023\/202<\/a>6<\/td>\n<td><strong>TECNOLOGIA SOCIAL. LA TIERRA EN LA CONSTRUCCION DE UNA ARQUITECTURA ALTERNATIVA Y SOSTENIBLE<\/strong><\/p>\n<p><strong>Directora<\/strong>: LATINA, STELLA MARIS &#8211; smlatina@herrera.unt.edu.ar<br \/>\n<strong>Co-directora:<\/strong> SOSA, MIRTA EUFEMIA &#8211; mesosa@herrera.unt.edu.ar<\/p>\n<p><strong>Integrantes<\/strong>:<br \/>\nCHAILA, JOSEFINA DEL HUERTO- josefinachaila@gmail.com<br \/>\nFERREYRA, IRENE CECILIA- iferreyra@herrera.unt.edu.ar<br \/>\nGRAMAJO SORIA, MAR\u00cdA BEL\u00c9N-gramajosoriamb@gmail.com<br \/>\nGUANCO, EINER GERSON-einerguanco@gmail.com<br \/>\nLEGUIZAMON, JORGE DANIEL-daniellegui20@gmail.com<br \/>\nLIZARRAGA, MELINA DL VALLE-melinalizarraga905@gmail.com<br \/>\nNIEVA DEL CASTILLO, JULIANA MANUELA- juliananieva@gmail.com<br \/>\nQUIPILDOR, NATALIA LORENA-quipildornatalia@gmail.com<br \/>\nRODRIGUEZ BARAZZUTTI, JOAQUIN BLAS-rodriguezjoaquinblas@gmail.com<br \/>\nRODRIGUEZ, GERARDO OSVALDO-osvaldotuc64@gmail.com<br \/>\nRUIZ CUELLAR, ILEANA ARACELI-ileanaruizcuellar@gmail.com<br \/>\nRUIZ DARELLI, B\u00c1RBARA-ruiz.darelli.barbara@gmail.com<br \/>\nSARAVIA, CAMILA ANAIR-camilaanairsrv@gmail.com<br \/>\nSOSA LATINA, MAR\u00cdA ALEJANDRA-ale_latina@hotmail.com<br \/>\nSUBELZA, INGRID MALENA-i.m.subelza@gmail.com<br \/>\nZOTTOLA, ANTONINO DANIEL-zottolaantonino920@gmail.com<\/p>\n<p><strong>Resumen<\/strong>: Desde mediados del siglo pasado y con la llegada del nuevo milenio, se produce un explosivo aumento de la poblaci\u00f3n mundial, fen\u00f3meno acompa\u00f1ado por un generalizado proceso de empobrecimiento, p\u00e9rdida de calidad de vida y d\u00e9ficit habitacional (cantidad y calidad). A esta realidad se suma el desmesurado uso y abuso de los recursos naturales y el descarte de algunas materias primas que pueden ser aptas para su reutilizaci\u00f3n en la producci\u00f3n del h\u00e1bitat. Esta situaci\u00f3n no es ajena a nuestro pa\u00eds, ni a nuestra provincia. Tucum\u00e1n, la de menor superficie del pa\u00eds, presenta la mayor densidad de poblaci\u00f3n, 64,3 Hab\/km2. El Censo Nacional de Poblaci\u00f3n, Hogares y Viviendas (INDEC-2010) presenta un 16 % de la poblaci\u00f3n con m\u00e1s de una necesidad b\u00e1sica insatisfecha (NBI); en el borde urbano de San Miguel de Tucum\u00e1n (SMT) y en las m\u00e1rgenes del R\u00edo Sal\u00ed se localizan las m\u00e1s altas NBI, los mayores \u00edndices de desocupaci\u00f3n, de cantidad de poblaci\u00f3n sin cobertura de salud, de viviendas precarias y de beneficiarios de planes sociales (SMT 2016).Con miras a procurar una soluci\u00f3n a esta situaci\u00f3n desde el campo de la tecnolog\u00eda de la construcci\u00f3n se plantean alternativas que contribuyan a atenuar la carencia se\u00f1alada, sin sacrificar las necesarias condiciones de calidad habitacional (confort, resistencia, durabilidad, econom\u00eda). En este marco, el objetivo principal de este Proyecto es contribuir al mejoramiento de la calidad y condiciones de vida y del h\u00e1bitat de los sectores de menores recursos, a trav\u00e9s del uso de tecnolog\u00edas constructivas utilizando la tierra como material de construcci\u00f3n. Pretende avanzar en el conocimiento, producci\u00f3n y desarrollo de una tecnolog\u00eda social orientada a satisfacer los requerimientos habitacionales y contribuir a la gesti\u00f3n ambiental en el sentido de recuperar la armon\u00eda entre la sociedad y el sistema natural que la sostiene, poniendo en pr\u00e1ctica el concepto de desarrollo sostenible. Se pretende lograr la revalorizaci\u00f3n de la tierra como material de construcci\u00f3n alternativo y sostenible en todos sus aspectos y el desarrollo de propuestas de uso y producci\u00f3n tecnol\u00f3gica para la construcci\u00f3n de viviendas y el equipamiento urbano en SMT y municipios cercanos. Esto permitir\u00eda optimizar los procesos de producci\u00f3n de viviendas en programas de autoconstrucci\u00f3n asistida y cooperativismo. La transferencia de los resultados obtenidos (charlas, capacitaci\u00f3n, asesoramiento t\u00e9cnico) est\u00e1 garantizada vista la relaci\u00f3n ya existente entre UNT y municipios.<\/td>\n<\/tr>\n<tr>\n<td><a href=\"https:\/\/www.fau.unt.edu.ar\/proyecto-717\/\"><span style=\"color: #333333;\"><span style=\"color: #333333;\"><span style=\"color: #333333;\"><span style=\"color: #333333;\"><span style=\"color: #333333;\"><span style=\"color: #333333;\"><span style=\"color: #333333;\">Proyecto (B717) 2023\/2026<\/span><\/span><\/span><\/span><\/span><\/span><\/span><\/a><\/td>\n<td><strong>VIVIENDA SOCIAL SOSTENIBLE EN CLIMA C\u00c1LIDO H\u00daMEDO. DESARROLLO DE M\u00c9TODOS Y T\u00c9CNICAS QUE CONTRIBUYAN A LA CALIDAD AMBIENTAL Y CERTIFICACI\u00d3N ENERG\u00c9TICA<\/strong><\/p>\n<p><strong>Directora<\/strong>: LEDESMA, SARA L\u00cdA &#8211; sledesma@herrera.unt.edu.ar<br \/>\n<strong>Co-directora:<\/strong> NOTA, VIVIANA MAR\u00cdA &#8211; vnota@herrera.unt.edu.ar<\/p>\n<p><strong>Integrantes<\/strong>:<br \/>\nBOLLEA, SEBASTIAN- sebastianbollea@hotmail.com<br \/>\nGARBERO, LUCIANO MIGUEL-lucianogarbero@gmail.com<br \/>\nGONZALO, GUILLERMO ENRIQUE-ggonzalo@arnet.com.ar<br \/>\nLLABRA, CRISTINA DEL VALLE-cvllabra@yahoo.com.ar<br \/>\nMARTINEZ, CECILIA FERNANDA-cfernandamartinez@yahoo.com.ar<br \/>\nMOSTAJO, MARIA DE LOS ANGELES-ttmostajo69@hotmail.com<br \/>\nGINEL, MARIA BELEN-mariabelenginel@gmail.com<\/p>\n<p><strong>Resumen<\/strong>: Hay claras evidencias cient\u00edficas sobre la existencia del cambio clim\u00e1tico debido al efecto invernadero, generado en parte por las emisiones de CO2, que se asocian con el sector de energ\u00eda, donde la edificaci\u00f3n juega un rol importante. En vista de los Objetivos de Desarrollo Sostenible, corresponde reformular la arquitectura y planificaci\u00f3n de las viviendas, con est\u00e1ndares y buenas pr\u00e1cticas de dise\u00f1o y construcci\u00f3n, que posibiliten intervenciones menos impactantes con el medio ambiente y que contemplen el problema energ\u00e9tico. La producci\u00f3n de vivienda social en la provincia de Tucum\u00e1n, se ha realizado hasta el presente sin que se hayan incorporado t\u00e9cnicas adecuadas para alcanzar la racionalidad energ\u00e9tica, ni para garantizar adecuadas condiciones de habitabilidad, as\u00ed tambi\u00e9n las normativas relacionadas con estos aspectos, son de obligatoriedad parcial. Entendiendo que el dise\u00f1o y construcci\u00f3n de las viviendas sociales puede ser significativamente mejorado con la incorporaci\u00f3n de estrategias arquitect\u00f3nicas de adecuaci\u00f3n clim\u00e1tica, sistemas y t\u00e9cnicas constructivas apropiadas y con el uso de energ\u00edas renovables, es que se plantea este trabajo de investigaci\u00f3n. El proyecto tiene como objetivo desarrollar un cuerpo de conocimientos, que contenga m\u00e9todos y brinde herramientas, que permitan a los profesionales y planificadores operar sobre el dise\u00f1o y mejoramiento de las viviendas sociales, en sus diversas escalas de intervenci\u00f3n, para mejorar sus condiciones de habitabilidad y optimizar la gesti\u00f3n de los recursos energ\u00e9ticos y econ\u00f3micos. Se propone, a partir del reconocimiento de normativas y procedimientos nacionales e internacionales sobre sustentabilidad en viviendas y de la evaluaci\u00f3n de diferentes tipolog\u00edas de viviendas de gesti\u00f3n estatal; la formulaci\u00f3n de tecnolog\u00edas constructivas apropiadas y sustentables, con un dise\u00f1o bioclim\u00e1tico y con un aprovechamiento energ\u00e9tico, para mejorar la habitabilidad de las viviendas sociales de Tucum\u00e1n. Se elaborar\u00e1n las bases para una normativa y se coordinar\u00e1n acciones con los organismos relacionados con el dise\u00f1o y construcci\u00f3n de viviendas, para la transferencia de los resultados obtenidos. Se prev\u00e9 adem\u00e1s una difusi\u00f3n a la sociedad, a partir del desarrollo de documentos con las propuestas de tecnolog\u00edas y estrategias proyectuales para las viviendas sociales, que ser\u00e1n difundidos en la p\u00e1gina Web del Centro de Estudio Energ\u00eda, Habitabilidad y Arquitectura Sustentable, al cual pertenece el equipo de trabajo.<\/td>\n<\/tr>\n<tr>\n<td><a href=\"https:\/\/www.fau.unt.edu.ar\/proyecto-b718-3\/\"><span style=\"color: #333333;\"><span style=\"color: #333333;\"><span style=\"color: #333333;\"><span style=\"color: #333333;\"><span style=\"color: #333333;\"><span style=\"color: #333333;\"><span style=\"color: #333333;\">Proyecto (B718) 2023\/2026<\/span><\/span><\/span><\/span><\/span><\/span><\/span><\/a><\/td>\n<td><strong>Laboratorio de ambiente y paisaje. Espacio de experimentaci\u00f3n tem\u00e1tica en Urbanismo y Dise\u00f1o<\/strong><\/p>\n<p><strong>Directora<\/strong>: LLOMPARTE FRENZEL, MARIA PAULA &#8211; pllomparte@herrera.unt.edu.ar<br \/>\n<strong>Co-directora:<\/strong> POLITI, SILVIA ALICIA &#8211; spoliti@herrera.unt.edu.ar<\/p>\n<p><strong>Integrantes:<\/strong><br \/>\nHERRERO JAIME, MAR\u00cdA VICTORIA-mv.herreroj@gmail.com<br \/>\nHERRERO JAIME, PATRICIA ALEJANDRA- paherrerojaime@herrera.unt.edu.ar<br \/>\nVILDOZA, JANINA ANAHI-f.anahivildoza@gmail.com<\/p>\n<p><strong>Resumen<\/strong>: La propuesta de investigaci\u00f3n se enmarca en la l\u00ednea sobre el paisaje, territorio y ambiente del Observatorio de Fen\u00f3menos Urbanos y Territoriales (OFUT) en el Instituto de Planeamiento y Desarrollo Urbano, Facultad de Arquitectura y Urbanismo, UNT. Esta investigaci\u00f3n tiene como objetivo aportar a la interpretaci\u00f3n de los territorios de interfases (urbana-rural-natural) y a la construcci\u00f3n de instrumentos de gesti\u00f3n y dise\u00f1o para los procesos de planificaci\u00f3n y gobernanza desde el enfoque del paisaje. Se sostiene que distintos actores sociales comunican distintos paisajes montados en saberes t\u00e9cnicos y socio organizativos. La gesti\u00f3n p\u00fablica desarrolla instrumentos que jerarquizan paisajes, omitiendo paisajes propios de las poblaciones que los habitan y usan. Esto acent\u00faa procesos de des-territorializaci\u00f3n que ponen en tensi\u00f3n apropiaciones diferenciales de bienes comunes fundamentales para la resiliencia y adaptaci\u00f3n al cambio clim\u00e1tico de ciudades y territorios interfases. La estrategia metodol\u00f3gica corresponde al estudio de casos, a partir del desarrollo de una investigaci\u00f3n acci\u00f3n participativa sobre territorios intereses &#8211; urbanos, rurales y naturales. El aporte es contribuir con herramientas innovadoras que permitan otras lecturas y movilicen otros tipos de lazos formales y discursivos frente a las modalidades hegem\u00f3nicas de hacer y ver los territorios. Se contribuye con la conformaci\u00f3n de una plataforma colaborativa, el Laboratorio de Ambiente y Paisaje (LaAP) como \u00e1mbito de experimentaci\u00f3n y difusi\u00f3n de nuevas estructuras para la gesti\u00f3n y producci\u00f3n de paisaje en articulaci\u00f3n con instituciones y redes tem\u00e1ticas en \u00e1mbito local, nacional e internacional.<\/td>\n<\/tr>\n<tr>\n<td><a href=\"https:\/\/www.fau.unt.edu.ar\/proyecto-719\/\"><span style=\"color: #333333;\"><span style=\"color: #333333;\"><span style=\"color: #333333;\"><span style=\"color: #333333;\"><span style=\"color: #333333;\"><span style=\"color: #333333;\"><span style=\"color: #333333;\">Proyecto (B719) 2023\/2026<\/span><\/span><\/span><\/span><\/span><\/span><\/span><\/a><\/td>\n<td><strong>Gesti\u00f3n ambiental y gobernanza. Hacer ciudad\u00bb frente al cambio clim\u00e1tico y el riesgo socio ambiental en el periurbano del sistema metropolitano de Tucum\u00e1n a partir de 2016&#8243;<\/strong><\/p>\n<p><strong>Directora<\/strong>: MEDINA, MARCELA CECILIA &#8211; mcmedina@herrera.unt.edu.ar<br \/>\n<strong>Co-directora<\/strong>: JABIF, MELISA &#8211; jabif.melisa@gmail.com<\/p>\n<p><strong>Integrantes<\/strong>:<br \/>\nLOMBARDELLI, ANA VERONICA- vlombardelli@gmail.com<br \/>\nROSSINI, AGOSTINA BEL\u00c9N-agostina_rossini@outlook.com<br \/>\nALBORNOZ COLOMO, MARIA SARA-msaraalbornoz@yahoo.com.ar<br \/>\nARANDA, FLAVIA ISABEL-flavia.aranda@gmail.com<br \/>\nMARTINEZ COLOMBRES, MARTHA JOSEFINA-mmartinezcolombres@herrera.unt.edu.ar<br \/>\nOMAR, DIEGO HERN\u00c1N-dhomar72@gmail.com<br \/>\nSANTOS ESPARRELL, MARIANA-marianasantose@gmail.com<br \/>\nTER\u00c1N, MANUELA-manuelateran123@gmail.com<\/p>\n<p><strong>Resumen<\/strong>: En un escenario de crisis ambiental y social provocada por el cambio clim\u00e1tico y por los efectos<br \/>\nde la pandemia por COVID 19, el papel de las ciudades en la adaptaci\u00f3n y mitigaci\u00f3n es fundamental. Tanto el an\u00e1lisis de los efectos, como la generaci\u00f3n de criterios innovadores en intervenciones de renovaci\u00f3n o preservaci\u00f3n y de ordenaci\u00f3n territorial. Analizaremos los conflictos e instrumentos, las nociones de gobernanza y acciones territoriales, desde la perspectiva de la crisis ambiental, y articularemos con otros proyectos de investigaci\u00f3n. El sector de an\u00e1lisis es el periurbano del SimeT, particularmente \u00e1reas del sector Este, en Banda del r\u00edo Sal\u00ed; y del sector Oeste, San Pablo y Villa Nougu\u00e9s, y Taf\u00ed Viejo. El objetivo general consiste en analizar la gesti\u00f3n ambiental y el hacer ciudad en el marco de crisis ambiental, cambio clim\u00e1tico y riesgo socio-ambiental. Abordamos la investigaci\u00f3n desde el Urbanismo, un campo disciplinar al que se alude como disperso, por su necesario sustento en diversas ciencias que estudian la ciudad y el territorio. Metodol\u00f3gica y epistemol\u00f3gicamente recupera el aporte de las Ciencias Sociales, Humanas y Ambientales. Desde una triangulaci\u00f3n metodol\u00f3gica, cualitativa y cuantitativa, con \u00e9nfasis en lo cualitativo, en tres dimensiones: cient\u00edfica, t\u00e9cnica y pol\u00edtica, abordaremos lo territorial, lo social y lo ambiental, apelando al An\u00e1lisis Cr\u00edtico del Discurso. Contamos con transferir lo estudiado a las materias de grado obligatorias y electivas de la carrera de <span style=\"font-weight: 400;\">Arquitectura, realizar extensi\u00f3n y transferencia a organismos municipales y comunales y organizaciones de la sociedad civil.<\/span><\/td>\n<\/tr>\n<tr>\n<td><a href=\"https:\/\/www.fau.unt.edu.ar\/proyecto-b720-2\/\"><span style=\"color: #333333;\"><span style=\"color: #333333;\"><span style=\"color: #333333;\"><span style=\"color: #333333;\"><span style=\"color: #333333;\"><span style=\"color: #333333;\"><span style=\"color: #333333;\">Proyecto (B720) 2023\/2026<\/span><\/span><\/span><\/span><\/span><\/span><\/span><\/a><\/td>\n<td><strong>Arquitectura, Filosof\u00eda y Est\u00e9tica. Imbricancias, di\u00e1logos y transferencias transdiciplinares e interdisciplinares<\/strong><\/p>\n<p><strong>Director<\/strong>: MEDINA, VICENTE ESTEBAN &#8211; d31251@hotmail.com<\/p>\n<p><strong>Integrantes<\/strong>:<br \/>\nAHUMADA, HECTOR HUGO-hug4289@hotmail.com<br \/>\nMAIDANA, SUSANA-susanamaidana.filo@gmail.com<br \/>\nMARCHETTI, ERNESTO ALEJANDRO-tanis_e@hotmail.com<br \/>\nARROYO, JULIO ERNESTO-jarroyo47@hotmail.com<br \/>\nBARALE, GRISELDA CARMEN-griseldacbarale@gmail.com<br \/>\nBIZZOTTO, LUCAS JAVIER-bizzottoarq@gmail.com<br \/>\nBRAIER, GERMAN-germanbraier@gmail.com<br \/>\nCASTILLO MOREIRA, NURIA-nuria.camo@gmail.com<br \/>\nCORBELLA, PATRICIO ANDR\u00c9S-patriciocorbella1@gmail.com<br \/>\nDE PERETTI PE\u00d1ARANDA, CRISTINA-adirias@yahoo.es<br \/>\nFERRAZ-LEITE LUDZIK, ALEJANDRO-ferrazleite.a@gmail.com<br \/>\nLEDESMA, MARIA DEL VALLE mariadelvalle.ledesma@gmail.com<br \/>\nNASER, ALFREDO NICOL\u00c1S-nicolasnaser@gmail.com<br \/>\nNASTIQUE, ROC\u00cdO-nastique.rocio@gmail.com<br \/>\nNU\u00d1EZ NAVARRO, MARIA AGUSTINA-agustinannavarro@gmail.com<br \/>\nRODR\u00cdGUEZ MARCIEL, CRISTINA-crmarciel@telefonica.net<br \/>\nVARSANYI, GABRIEL ANDR\u00c9S-artes.gabriel.varsanyi@webmail.unt.edu.ar<\/p>\n<p><strong>Resumen<\/strong>: Con este primer proyecto bajo la direcci\u00f3n del Prof. Vicente Medina nos postulamos ante la SCAIT a la convocatoria PIUNT 2023\/26, en el cual esperamos poder constituir un grupo interdisciplinar de investigadores arquitectos y fil\u00f3sofos predominantemente. El objetivo del proyecto es crear un espacio de trabajo interdisciplinar o transdisciplinar institucional, formal, registrado, reconocido, en el cual podamos llevar a cabo investigaciones y acoger investigadores interesados en transitar temas relacionados a la arquitectura y a la filosof\u00eda, pero principalmente investigadores arquitectos interesados en atender a la filosof\u00eda. El proyecto parte de una inquietud, que genera un problema a atender; el inter\u00e9s que despierta a numerosos arquitectos la Filosof\u00eda y la Est\u00e9tica. Sin embargo, no contamos con formaci\u00f3n ni espacios acad\u00e9micos para atender a tales disciplinas.<\/td>\n<\/tr>\n<tr>\n<td><a href=\"https:\/\/www.fau.unt.edu.ar\/proyecto-b721-2\/\"><span style=\"color: #333333;\"><span style=\"color: #333333;\"><span style=\"color: #333333;\"><span style=\"color: #333333;\"><span style=\"color: #333333;\"><span style=\"color: #333333;\"><span style=\"color: #333333;\">Proyecto (B721) 2023\/2026<\/span><\/span><\/span><\/span><\/span><\/span><\/span><\/a><\/td>\n<td><strong>Dise\u00f1o e implementaci\u00f3n del curso virtual de Matem\u00e1tica Preuniversitaria<\/strong><\/p>\n<p><strong>Directora<\/strong>: GUANUCO DE GARC\u00cdA, MAR\u00cdA DEL VALLE mdvguanuco@yahoo.com.ar<\/p>\n<p><strong>Integrantes<\/strong>:<\/p>\n<p>DELGADO MARTINEZ, GABRIELA BELEN-gabidelmar35@gmail.com<br \/>\nFERNANDEZ, DANTE AQUILINO-dante_fernandez@hotmail.com<br \/>\nFRANCO, SANDRA NOEM\u00cd-sandranfranco@hotmail.com<br \/>\nGOTAY, JORGE-jgotay57@gmail.com<br \/>\nMALCUN, MARCELA-marcelamalcun@hotmail.com<br \/>\nMOR\u00d3N HESSLING, FRANCISCO JAVIER-fmoron@herrera.unt.edu.ar<br \/>\nRODRIGUEZ ANIDO, MABEL CLAUDIA-mranido1@yahoo.com.ar<br \/>\nVELASTIQUI, SANDRA MABEL-educa.informatica@gmail.com<br \/>\nYUSTE, FRANCISCO RICARDO-fryuste@hotmail.com<br \/>\nGARCIA GUANUCO, FRANCO DANIEL-francodanielgarciaguanuco98@gmail.com<br \/>\nMOLINA CARRIZALES, BRIGITTE MELIANA-arq.molinacarrizalesbrigitte@gmail.com<br \/>\nPEDRAZA GERV\u00c1N, MARCOS ARNALDO-mpedrazagervan@gmail.com<\/p>\n<p><strong>Resumen<\/strong>: La articulaci\u00f3n de la educaci\u00f3n secundaria y la universidad resulta un nudo problem\u00e1tico en el que convergen la organizaci\u00f3n, los sentidos y los derroteros de dos niveles diferentes del sistema educativo. Con respecto a esta problem\u00e1tica se puede observar que en varias Facultades de la Universidad Nacional de Tucum\u00e1n si bien realizan un curso de nivelaci\u00f3n de contenidos matem\u00e1ticos necesarios para el ingreso a las mismas, los mismos no son en modalidad virtual totalmente. As\u00ed mismo existe una falta de homogeneidad en los contenidos b\u00e1sicos de Matem\u00e1tica seg\u00fan la procedencia del alumno, que se evidencia en una heterogeneidad y precariedad de los puntos de partida, como ser saberes matem\u00e1ticos iniciales, ritmos de aprendizaje, etc., de los estudiantes que aspiran a ingresar a la Universidad. Para dar una soluci\u00f3n a esta problem\u00e1tica es que se propone el dise\u00f1o e implementaci\u00f3n de un curso virtual de Matem\u00e1tica preuniversitaria para alumnos que deseen ingresar a alguna de las carreras de la Universidad Nacional de Tucum\u00e1n y en las que los contenidos matem\u00e1ticos son necesarios para el ingreso a la facultad elegida. Dicho curso ser\u00e1 online y abierto y se implementar\u00e1 en la Plataforma Moodle. El dise\u00f1o tecno pedag\u00f3gico de esta propuesta estar\u00e1 planificado y organizado de modo integrado, desde una visi\u00f3n centrada en el aprendizaje, de modo tal que la secuencia de actividades sea el eje de la ense\u00f1anza. Para este fin se elige la metodolog\u00eda de aprendizaje centrada en la Resoluci\u00f3n de problemas, ya que la misma promueve un aprendizaje activo, la que supone una implicaci\u00f3n del alumno en la generaci\u00f3n de conocimientos, un contexto de participaci\u00f3n, as\u00ed como el desarrollo de variadas competencias.<\/td>\n<\/tr>\n<tr>\n<td>P<a href=\"https:\/\/www.fau.unt.edu.ar\/proyecto-b722-2\/\">royecto (B722) 2023\/202<\/a>6<\/td>\n<td><strong>El patrimonio urbano-arquitect\u00f3nico del NOA: nuevos escenarios de estudio, propuestas de gesti\u00f3n e intervenci\u00f3n, para su preservaci\u00f3n, conservaci\u00f3n y rehabilitaci\u00f3n como recurso para un desarrollo territorial sostenible<\/strong><\/p>\n<p><strong>Directora<\/strong>: <span style=\"font-weight: 400;\">\u00a0<\/span>MORENO, DANIELA BEATRIZ &#8211; <span style=\"font-weight: 400;\">danielamoreno01@gmail.com<\/span><\/p>\n<p><strong>Co-director:<\/strong> <span style=\"font-weight: 400;\">\u00a0<\/span>ROIG, JAVIER VICENTE &#8211; <a href=\"mailto:jvroig08@gmail.com\"><span style=\"font-weight: 400;\">jvroig08@gmail.com<\/span><\/a><\/p>\n<p><strong>Integrantes<\/strong>:<\/p>\n<p>BASELGA, JOS\u00c9 LEONARDO-<span style=\"font-weight: 400;\">jlbaselga@gmail.com<\/span><\/p>\n<p>BECCARI, MARCELO DANIEL<span style=\"font-weight: 400;\">&#8211;<\/span><span style=\"font-weight: 400;\">marcelodbeccari@gmail.com<\/span><\/p>\n<p>LOGUSSO, JUAN SALVADOR-juan_logusso@hotmail.com<br \/>\nOC\u00d3N, MAR\u00cdA EUGENIA-eugee.ocon@hotmail.com<br \/>\nPESA, ANA CECILIA-estudio@anapesa.com.ar<br \/>\nRAMAZZOTTI, JUAN BAUTISTA-ramazzotti@arnet.com.ar<br \/>\nRAMAZZOTTI, LIZA-liza.ramazzotti@gmail.com<br \/>\nSALA, JOS\u00c9 LUIS-josesala@arnet.com.ar<br \/>\nCORBAL\u00c1N, NILDA ADRIANA-nildaadrianacorbalan@yahoo.com.ar<br \/>\nITUARTE, MARCOS RAUL-marcos_ituarte@hotmail.com<\/p>\n<p><strong>Resumen<\/strong>: El proyecto aborda la problem\u00e1tica del Patrimonio Urbano Arquitect\u00f3nico del NOA, enfocada desde la perspectiva interdisciplinar que plantea su inclusi\u00f3n dentro del Patrimonio Cultural. En continuidad tem\u00e1tica y metodol\u00f3gica con proyectos desarrollados en anteriores convocatorias, la valoraci\u00f3n, gesti\u00f3n y conservaci\u00f3n de los bienes patrimoniales se sustenta en nuevos postulados y categor\u00edas desarrollados en las \u00faltimas d\u00e9cadas, que resultan m\u00e1s amplios, integradores y complejos (Rutas e Itinerarios Culturales, Paisajes Culturales, Paisajes Hist\u00f3ricos Urbanos, \u00c1reas de Protecci\u00f3n Hist\u00f3rico Ambiental, Series Patrimoniales, etc.). En este contexto, se trabajar\u00e1 en tres escalas: territorial, urbana y arquitect\u00f3nica, que articuladas, permitir\u00e1n una interpretaci\u00f3n hol\u00edstica del problema, al incorporar al an\u00e1lisis las relaciones din\u00e1micas que existen entre ellas, y que resultan fundamentales para orientar POL\u00cdTICAS y acciones que asuman al patrimonio como un recurso estrat\u00e9gico para el desarrollo sostenible. Considerando el importante bagaje conceptual y metodol\u00f3gico que estas nuevas categor\u00edas ofrecen, se plantea avanzar en diferentes l\u00edneas tem\u00e1ticas complementarias: 1-Paisajes Culturales, Patrimonio Industrial y Turismo Cultural, como recursos para un desarrollo regional integrado, 2- Estrategias para una Gesti\u00f3n Integral de los bienes urbano-arquitect\u00f3nicos como sistemas de componentes patrimoniales asociados y 3 &#8211; Recualificaci\u00f3n del espacio p\u00fablico dentro del sistema urbano, como estrategia para el desarrollo y fortalecimiento de la identidad local y la vida comunitaria. Cada una de estas l\u00edneas cuenta con sub-proyectos que encarar\u00e1n la problem\u00e1tica planteada en sus diferentes escalas, lo que permitir\u00e1 reflexionar, desde distintas perspectivas, sobre las estrategias de intervenci\u00f3n y gesti\u00f3n del patrimonio, con una visi\u00f3n integral y din\u00e1mica de la realidad local y regional en el contexto nacional y latinoamericano. Mientras algunos suponen una continuidad tem\u00e1tica con los desarrollados en proyectos anteriores, otros, cobran un nuevo valor en relaci\u00f3n con los ODS y\/o los objetivos del PEI UNT 2021-30, como es el caso de los que encaran la problem\u00e1tica del Patrimonio Urbano Arquitect\u00f3nico de la UNT. Finalmente, resulta destacable, la integraci\u00f3n entre dos \u00e1reas del conocimiento (Historia de la arquitectura y Proyecto arquitect\u00f3nico) que, actuando en conjunto, garantizar\u00edan una conveniente complementariedad para la consecuci\u00f3n de los objetivos formulados.<\/td>\n<\/tr>\n<tr>\n<td>Proyecto (B723) 2023\/2026<\/td>\n<td><strong>APROVECHAMIENTO SUSTENTABLE de RESIDUOS INDUSTRIALES de MADERA, para elaboraci\u00f3n de componentes CONSTRUCTIVOS, en el gran SAN MIGUEL DE TUCUM\u00c1N<\/strong><\/p>\n<p><strong>Directora<\/strong>: PLASENCIA, MARCELA MAR\u00cdA &#8211; mplasencia@herrera.unt.edu.ar<br \/>\n<strong>Co-directora<\/strong>: TOPPA, LUCIA &#8211; luciatoppa@gmail.com<\/p>\n<p><strong>Integrantes<\/strong>:<br \/>\nLEGORBURU, MARIANA ELIZABETH-denarix333@hotmail.com<br \/>\nSAEZ, VANESA CELINA-vanesaez@gmail.com<br \/>\nVALDEZ, IVANA SOLEDAD-ivanasolvaldez@hotmail.com.ar<br \/>\nVELARDEZ, FANNY PATRICIA-fannyvelardez@hotmail.com<\/p>\n<p><strong>Resumen<\/strong>: En 2015 los Estados miembros de las Naciones Unidas, entre ellos Argentina, aprobaron la Agenda 2030 para el Desarrollo Sostenible. Esta est\u00e1 conformada por un conjunto de objetivos globales de desarrollo sostenible (ODS) para erradicar la pobreza, proteger el planeta y asegurar la prosperidad para todos que deben alcanzarse. En el contexto de los objetivos ODS 11 y ODS 12, espec\u00edficamente en los puntos 11.6); 12.5) y 12.6) se enmarca este proyecto de investigaci\u00f3n. Es sumamente importante buscar la forma de reducir la cantidad de residuos generados por la industria, especialmente los RESIDUOS DE LA INDUSTRIA MADERERA y la actividad resultante de la elaboraci\u00f3n de celulosa, destinada \u00e9sta a producir papel y cart\u00f3n, siendo altamente contaminantes lo que provoca un impacto negativo en el medio ambiente. Los problemas que actualmente enfrentan las ciudades se pueden superar permitiendo el crecimiento y, al mismo tiempo, aprovechando mejor los recursos para reducir la contaminaci\u00f3n y la pobreza. Por esto se propone abordar la REUTILIZACI\u00d3N y el RECICLADO de estos residuos de MADERA para ser utilizados en la elaboraci\u00f3n de nuevos COMPONENTES PARA LA CONSTRUCCION y de esa forma reducir el efecto negativo sobre el medioambiente. El proyecto propone aprovechar los desechos industriales de la industria maderera y de otras industrias, del Gran San Miguel de Tucum\u00e1n, con la utilizaci\u00f3n de MADERA RECICLADA y RESIDUOS DE CELULOSA con reutilizaci\u00f3n de los mismos para ser aplicados en la construcci\u00f3n para la OBTENCI\u00d3N DE NUEVOS COMPONENTES CONSTRUCTIVOS El proyecto busca dar UN MAYOR VALOR AGREGADO a estos residuos y de esa forma reducir las consecuencias negativas para el medioambiente al REDUCIR EL VOLUMEN DE DESECHOS. Lo cual lleva a reforzar el concepto de MECANISMO DE DESARROLLO LIMPIO que busca la reducci\u00f3n de las emisiones de gases de efecto invernadero. Los resultados del proyecto contribuir\u00e1n a una utilizaci\u00f3n eficiente y provechosa de los recursos naturales, evitando los da\u00f1os ambientales y contribuyendo a la REDUCCI\u00d3N DE LOS RESIDUOS. Vincular\u00e1 a la comunidad cient\u00edfica con el estado nacional, el estado provincial, los municipios, el sector empresarial y las ONG para facilitar la TRANSFERENCIA DE CONOCIMIENTO, ofrecer asesoramiento y promover el desarrollo de NUEVOS EMPRENDIMIENTOS. Esto permitir\u00e1 fomentar la ECONOM\u00cdA CIRCULAR muy vinculada a la CONSTRUCCI\u00d3N SUSTENTABLE.<\/td>\n<\/tr>\n<tr>\n<td>Proyecto (B724) 2023\/2026<\/td>\n<td><strong>INNOVACION EN EL APRENDIZAJE DEL PROYECTO URBANO-ARQUITECTONICO. REDES EDUCATIVAS. VIRTUALIDAD Y SIMULACIONES<\/strong><\/p>\n<p><strong>Directora<\/strong>: RODRIGUEZ ANIDO, PATRICIA GRACIELA &#8211; prodriguezanido@herrera.unt.edu.ar<\/p>\n<p><strong>Integrantes<\/strong>:<br \/>\nCASEN, MARTA GRACIELA-casenmarta@hotmail.com<br \/>\nCORONEL, LUISA BEATRIZ-arqbcoronel@gmail.com<\/p>\n<p>LONGHINI, MAR\u00cdA VICTORIA- vlonghini@herrera.unt.edu.ar<br \/>\nMONTES DE OCA, CARLOS AUGUSTO-augusto_montes@hotmail.com<br \/>\nPALISA, RAMON ALEJANDRO-ramonpalisa@hotmail.com<br \/>\nPONCE, OSCAR ADOLFO-jessy04@hotmail.com<br \/>\nPUIG, GUADALUPE-puig.guadalupe@gmail.com<br \/>\nROLDAN, SEBASTIAN JAVIER-sebaroldan@yahoo.com<br \/>\nSAEZ, CARLOS SEBASTIAN-carlossaez21@gmail.com<br \/>\nSARCAY, CARLOS-carlossarcay@gmail.com<br \/>\nWAJNERMAN, GABRIEL-gabrielwajnerman@hotmail.com<\/p>\n<p><strong>Resumen<\/strong>: El presente proyecto tiene por objeto ampliar y profundizar investigaciones realizadas respecto los alcances de la ense\u00f1anza en la disciplina proyectual aplicando la virtualidad y la simulaci\u00f3n mediante el desarrollo de redes proyectuales. Es nuestro inter\u00e9s replantear en el campo de la concepci\u00f3n y el dise\u00f1o los alcances y las potencialidades de los nuevos avances tecnol\u00f3gicos en la inform\u00e1tica y las comunicaciones por los que la virtualidad y las redes colaborativas han redefinido los fundamentos epistemol\u00f3gicos de la pr\u00e1ctica arquitect\u00f3nica en los talleres de ense\u00f1anza del proyecto y en la pr\u00e1ctica profesional misma. Esto convierte al taller de proyecto en un campo de transferencia y generaci\u00f3n de nuevos interrogantes. Preguntarnos como es el mundo real, como lo vemos, sentimos, pensamos y vivimos entendiendo que los arquitectos construimos realidades que adquieren formas de espacios significativos, pero que en la etapa del proyecto y del aprendizaje proyectual la virtualidad y simulaciones de esas realidades ofrecen oportunidades de toma de decisiones para profundas transformaciones. La UNESCO, en marzo de 2020, inici\u00f3 la Coalici\u00f3n Mundial para la Educaci\u00f3n COVID-19, para dise\u00f1ar e implantar soluciones innovadoras que faciliten oportunidades de aprendizaje inclusivo durante este per\u00edodo de alteraci\u00f3n educativa repentina y sin precedentes. El encierro vivido, no solo afect\u00f3 el espacio f\u00edsico, el h\u00e1bitat, sino tambi\u00e9n el espacio virtual al que recurrimos obligados. Esto nos llev\u00f3 a una naturalizaci\u00f3n de las pr\u00e1cticas virtuales adquiridas, muchas de ellas, de manera intuitiva. Surge, entonces la necesidad, de reinstalar el debate con mirada cr\u00edtica acerca de nuestras pr\u00e1cticas, en esta transici\u00f3n por diversos mundos que albergan un sin n\u00famero de ideas, posiciones, pensamientos y pr\u00e1cticas vinculadas a la ense\u00f1anza en la disciplina proyectual. Es a estas cuestiones a las que se intentar\u00e1 dar respuesta en la presente investigaci\u00f3n desde el campo de la ense\u00f1anza proyectual. En este marco, surgen nuevos interrogantes tales como: \u00bfCu\u00e1les ser\u00edan los espacios de intersecci\u00f3n? que permitir\u00edan transferir al Taller de Proyecto Arquitect\u00f3nico los desarrollos de aplicaciones de nuevas tecnolog\u00edas digitales? o \u00bfC\u00f3mo operar en los distintos niveles de aprendizaje desde la ense\u00f1anza utilizando la virtualidad y simulaciones en el campo proyectual del dise\u00f1o?<\/td>\n<\/tr>\n<tr>\n<td>Proyecto (B725) 2023\/2026<\/td>\n<td><strong>TERRITORIO Y CULTURA EN EL NOROESTE ARGENTINO. EL PATRIMONIO CULTURAL COMO RECURSO PARA EL DESRROLLO SOSTENIBLE DE LA REGI\u00d3N<\/strong><\/p>\n<p><strong>Directora<\/strong>:\u00a0\u00a0ROSSI, SILVIA ELINA \u2013 silviaelina@hotmail.com<\/p>\n<p><strong>Co-directora:<\/strong>\u00a0\u00a0MURILLO DASSO, MAR\u00cdA FLORENCIA \u2013\u00a0<a href=\"mailto:flormurillodasso@hotmail.com\">flormurillodasso@hotmail.com<\/a><\/p>\n<p><strong>Integrantes<\/strong>:<br \/>\nHUYEMA, MAR\u00cdA GLORIA ALBA- albahuyema@yahoo.com.ar<br \/>\nLOZANO, ANA ISABEL- ana_isabel_lozano@hotmail.com<br \/>\nGARC\u00cdA MORALES, GERM\u00c1N ALEJANDRO- grmanmorals@gmail.com<br \/>\nLACROIX, MARIA-merilacroix@gmail.com<br \/>\nMART\u00cdNEZ, FRANCISCO ROQUE NICOL\u00c1S-xisco.martinez.98@gmail.com<br \/>\nFERNANDEZ JURE, NATALIA SOFIA-natyfernandezjure@gmail.com<\/p>\n<p><strong>Resumen<\/strong>: El proyecto propone el registro y valoraci\u00f3n del Patrimonio Cultural como la materializaci\u00f3n del proceso de construcci\u00f3n hist\u00f3rica del territorio. Se constituye, as\u00ed, como una variable de an\u00e1lisis que permite develar el entramado social, cultural, econ\u00f3mico y pol\u00edtico en el cual se organiz\u00f3 dicho territorio, siendo, adem\u00e1s, la expresi\u00f3n de la memoria colectiva de quienes lo produjeron. Dentro de este marco conceptual, se plantea una mirada sobre el patrimonio cultural que incorpore en su consideraci\u00f3n la dimensi\u00f3n social y ambiental para que este pueda transformarse en un recurso activo que promueva el desarrollo sostenible de un centro urbano o poblado y no sea, s\u00f3lo, la evidencia de identidades pasadas. Los sub proyectos que lo integran indagan en el patrimonio cultural considerando cada una de las tem\u00e1ticas abordadas como parte de un sistema patrimonial m\u00e1s amplio que se analiza en distintas escalas: territorial, urbana y edilicia y que, en su desarrollo, interact\u00faan para poder evaluar la problem\u00e1tica en toda su complejidad. A partir de este proyecto se busca redefinir los conceptos de identidad a partir de la revalorizaci\u00f3n de la diversidad y de la interacci\u00f3n, en tiempo y espacio, de las m\u00faltiples identidades que conformaron la cultura de la Regi\u00f3n del Noroeste Argentino.<\/td>\n<\/tr>\n<tr>\n<td>Proyecto (B726)<\/p>\n<p>2023\/2026<\/td>\n<td><strong>Evoluci\u00f3n de los fen\u00f3menos urbanos del NOA: el Patrimonio Arquitect\u00f3nico, la Calidad Ambiental y la Sustentabilidad en la Estructura, Funci\u00f3n y Paisaje<\/strong><\/p>\n<p><strong>Director<\/strong>: RUBIO, RAIMUNDO DANIEL &#8211; rubiobuc@hotmail.com<\/p>\n<p><strong>Integrantes<\/strong>:<br \/>\nCUSUMANO, JULIO RICARDO-julio_0207@hotmail.com<br \/>\nTOSI, FEDERICO-fedetosi@hotmail.com<br \/>\nRUIZ QUAIA, JAVIER-javierruizquaia.1990@gmail.com<br \/>\nVIDAL, MARIA FLORENCIA-maflorenciavidal@gmail.com<br \/>\nCABEZAS FABBRONI, ANAHI-arqanahicabezas@gmail.com<\/p>\n<p><strong>Resumen<\/strong>: Las ciudades del NOA han tenido desde el siglo XIX un crecimiento significativo debido al desarrollo econ\u00f3mico, al crecimiento vegetativo de la poblaci\u00f3n y a la inmigraci\u00f3n rural. La falta de planificaci\u00f3n urbana o el incumplimiento de las normativas, la urbanizaci\u00f3n descapitalizada y el desajuste entre poblaci\u00f3n y recursos ha sido el modelo tradicional de crecimiento. Este modelo a partir de la expansi\u00f3n descontrolada, la modificaci\u00f3n de la escala urbana, el deterioro del tejido, la desaparici\u00f3n del patrimonio edilicio y la creciente marginalidad social ha producido la p\u00e9rdida de calidad ambiental, lo que genera la alteraci\u00f3n de las relaciones humanas dando como resultado la p\u00e9rdida de la calidad de vida. En consecuencia, el desequilibrio estructural, funcional y paisaj\u00edstico <span style=\"font-weight: 400;\">afecta la posibilidad de un desarrollo urbano sostenible que satisfaga las necesidades b\u00e1sicas, sociales e individuales del ser humano sin comprometer la capacidad de las generaciones futuras para satisfacer las propias. Este proyecto se propone estudiar los procesos de creaci\u00f3n, evoluci\u00f3n y consolidaci\u00f3n de las ciudades de la regi\u00f3n NOA, representativas por su escala y grado de inserci\u00f3n territorial, considerando los factores que han incidido en la estructura, funci\u00f3n y paisaje urbanos, para establecer criterios de intervenci\u00f3n a fin de tender a un desarrollo sostenible que garantice la calidad ambiental, la conservaci\u00f3n del patrimonio y la satisfacci\u00f3n de las necesidades funcionales y simb\u00f3licas de los habitantes. Esta investigaci\u00f3n permitir\u00e1 elaborar criterios, modelos e instrumentos de intervenci\u00f3n que recuperen, preserven o construyan nuevas condiciones de habitabilidad en nuestras ciudades, para resolver las necesidades funcionales-existenciales y simb\u00f3licas-identitarias de sus habitantes dentro de una din\u00e1mica de desarrollo sustentable. Las conclusiones del trabajo se transferir\u00e1n a estudiantes, a la comunidad cient\u00edfica, a profesionales, a funcionarios y a p\u00fablico en general a trav\u00e9s de material docente de grado, exposiciones en congresos y publicaciones, conferencias, asesoramiento t\u00e9cnico y charlas de divulgaci\u00f3n.<\/span><\/td>\n<\/tr>\n<tr>\n<td>Proyecto (B727) 2023\/2026<\/td>\n<td><strong>DESARROLLO DE MATERIALES INNOVADORES Y DISE\u00d1O DE ELEMENTOS CONSTRUCTIVOS A PARTIR DE REUTILIZACI\u00d3N DE RESIDUOS NATURALES E INDUSTRIALES EN LA BUSQUEDA DE UNA ARQUITECTURA SUSTENTABLE Y LA REDUCCI\u00d3N DEL D\u00c9FICIT HABITACIONAL EN POBLACIONES VULNERABLES.<\/strong><\/p>\n<p><strong>Director<\/strong>: LEGUIZAMON, JUAN GERARDO &#8211; juangleguizamon@gmail.com<\/p>\n<p><strong>Integrantes<\/strong>:<br \/>\nALDERETE, CARLOS EDUARDO-calderete18@hotmail.com<br \/>\nARANA SEMA, FERNANDO FABIAN-fas_342@hotmail.com<br \/>\nARIAS, LUC\u00cdA ELIZABETH-ely_arias@hotmail.com<br \/>\nBOERO, GUILLERMO FEDERICO-gfboero@hotmail.com<br \/>\nCORBELLA, CESAR AUGUSTO-ce_corbella@hotmail.com<br \/>\nINFANTE ALVAREZ, MILAGROS MICAELA-milagrosinfante15@gmail.com<br \/>\nKANAN, HILDA MARIELA-mkanan@hotmail.com<br \/>\nPELLI, MARIA LUCRECIA-lucrepelli@hotmail.com<br \/>\nRAMOS, MARIELA LUCIA-arq.ramosmariela@gmail.com<br \/>\nVELEZ ORTIZ, ROXANA DEL VALLE-velez.roxana@yahoo.com.ar<br \/>\nYALA, PABLO MARCELO-pabloyala@hotmail.com<br \/>\nHERN\u00c1NDEZ, LAUTARO MART\u00cdN-lautaroh525@gmail.com<br \/>\nJALIS, FLORENCIA-florenciajalis18@gmail.com<br \/>\nLEGU\u00cdZAMO, ALHUE GUADALUPE-alhueguada@gmail.com<\/p>\n<p><strong>Resumen<\/strong>: El mundo de hoy vive uno de los problemas m\u00e1s graves en la historia: la degradaci\u00f3n del medio ambiente es as\u00ed que el Proyecto de Investigaci\u00f3n aborda 2 problem\u00e1ticas coexistentes en la actualidad: la basura generada y su disposici\u00f3n final y la falta de vivienda en las poblaciones de menores recursos. Ambos casos, el cuidado del medio ambiente y la posibilidad de brindar soluciones a sectores considerados vulnerables por su marginalidad econ\u00f3mica, est\u00e1n contemplados en lo que se conoce hoy como ARQUITECTURA SUSTENTABLE. Tomando como base las experiencias similares realizadas con anterioridad por este grupo de trabajo, ahora se pretende profundizar el estudio del tema de la obtenci\u00f3n de materiales de construcci\u00f3n a partir del reciclado de desechos industriales y naturales. En esta oportunidad se pone el \u00e9nfasis en el reciclado de la ceniza de ingenios azucareros y la viruta y aserr\u00edn de madera de aserraderos desechados por la industria para ser utilizados como componentes de elementos constructivos en viviendas y equipamiento comunitario. Se trabajar\u00e1 con ensayos de probetas que incorporen esos residuos en su constituci\u00f3n para ser utilizadas como ladrillos, bloques y paneles. Se busca generar en los organismos gubernamentales y no-gubernamentales, recursos humanos adecuados, que posibiliten crear conciencia de previsi\u00f3n, solidaridad y cuidado del medio ambiente en la poblaci\u00f3n m\u00e1s vulnerable por su marginalidad econ\u00f3mica, capacit\u00e1ndola para resolver las necesidades m\u00e1s inmediatas. As\u00ed mismo capacitar a los individuos de las poblaciones consideradas en situaci\u00f3n de riesgo para que utilicen y pongan en pr\u00e1ctica estos nuevos materiales, actuando, as\u00ed como concientizadores de la comunidad a la que pertenecen.<\/td>\n<\/tr>\n<tr>\n<td>Proyecto (B728)<\/p>\n<p>2023\/2026<\/td>\n<td><strong>La ciudad y la arquitectura del NOA, en los siglos XIX y XX, y la construcci\u00f3n del patrimonio del presente. Catalogaci\u00f3n y difusi\u00f3n para su conservaci\u00f3n<\/strong><\/p>\n<p><strong>Directora<\/strong>: VILLAVICENCIO, SUSANA- suvillavicencio@gmail.com<br \/>\n<strong>Co-directora:<\/strong> CUEZZO, MAR\u00cdA LAURA \u2013 laura.cuezzo@herrera.unt.edu.ar<\/p>\n<p><strong>Integrantes<\/strong>:<br \/>\nBOMCZUK, BASILIO ISIDORO-basiliobomczuk@gmail.com<br \/>\nCHELELA, OSCAR ALFREDO-oachelela@herrera.unt.edu.ar<br \/>\nMARIOTTI, FABIANA ANDREA-fabiana.mariotti@gmail.com<br \/>\nNEME ARAUJO, GABRIELA TERESA-gnemearaujo@herrera.unt.edu.ar<br \/>\nARIAS, VALENTINA-valearias999@gmail.com<br \/>\nAUAD, LUCIANA ELENA-lucianaauad@hotmail.com<br \/>\nCHAILA, JOSEFINA DEL HUERTO-josefinachaila@gmail.com<br \/>\nJANTUS ARIAS, MAR\u00cdA DEL ROSARIO-mrjantusarias@gmail.com<br \/>\nKREISEL, LUC\u00cdA MAR\u00cdA-lulukreisel@gmail.com<\/p>\n<p><strong>Resumen<\/strong>: El tema a abordar en la presente convocatoria es el campo de las relaciones que se presentan entre la arquitectura y la ciudad, a trav\u00e9s de la aplicaci\u00f3n de propuestas, que surgidas en Europa en los siglos XIX y XX, fueron implementadas de forma acotada o parcial en las ciudades de nuestro pa\u00eds. Estos planteos, tanto urbanos como arquitect\u00f3nicos, se vieron atravesados por las circunstancias sociales, econ\u00f3micas, pol\u00edticas y culturales del contexto local, por lo cual adquirieron rasgos particulares que son, en definitiva, los que le otorgan identidad. Siguiendo esta l\u00ednea, se incorpora la mirada sobre el paisaje urbano, considerado como un constructo social (Nogu\u00e9, 2009), que se define por la percepci\u00f3n de un conjunto de componentes como el trazado, el arbolado, las luminarias o la arquitectura, siendo \u00e9sta \u00faltima el factor fundamental, ya <span style=\"font-weight: 400;\">que son consecuencia de la cultura de los per\u00edodos en que fue construido. As\u00ed tambi\u00e9n, esta investigaci\u00f3n se propone aportar a la historiograf\u00eda de la arquitectura del siglo XX un soporte conceptual que induzca a la valoraci\u00f3n del patrimonio urbano arquitect\u00f3nico moderno. Por lo tanto, resulta apremiante realizar su registro y catalogaci\u00f3n, con el fin de contar con un corpus te\u00f3rico que oriente las futuras intervenciones hacia su preservaci\u00f3n. Sobre la base de estas consideraciones, se plantean dos grandes l\u00edneas de estudio, la arquitectura y el urbanismo, en las que se trabajar\u00e1 con el fin de aportar a la conservaci\u00f3n de este patrimonio del XIX y XX en del NOA.<\/span><\/td>\n<\/tr>\n<\/tbody>\n<\/table>\n","protected":false},"excerpt":{"rendered":"<p>Proyectos PIUNT en desarrollo Proyecto B701\u00a0 2023\/2026 Calidad ambiental urbana y edilicia: su influencia en la conservaci\u00f3n y la gesti\u00f3n sostenible del patrimonio de museos Director: Ajmat, Raul Fernando &#8211; rfajmat@hotmail.com Co-director: Sandoval Salinas, Mar\u00eda Leonor &#8211; mlsandoval@csnat.unt.edu.ar Integrantes: Baz\u00e1n, Liliana Natalia &#8211; \u00a0nbazan@herrera.unt.edu.ar Longhini, Mar\u00eda Victoria- vlonghini@herrera.unt.edu.ar Zamora, Mar\u00eda Silvana &#8211; ms_zamora@hotmail.com Barroso, Patricia [&hellip;]<\/p>\n","protected":false},"author":2,"featured_media":0,"comment_status":"closed","ping_status":"open","sticky":false,"template":"","format":"standard","meta":{"_uag_custom_page_level_css":"","footnotes":""},"categories":[38,33],"tags":[],"class_list":["post-1247","post","type-post","status-publish","format-standard","hentry","category-docentes","category-institucional"],"uagb_featured_image_src":{"full":false,"thumbnail":false,"medium":false,"medium_large":false,"large":false,"1536x1536":false,"2048x2048":false,"320w":false,"480w":false,"800w":false},"uagb_author_info":{"display_name":"c2860607","author_link":"https:\/\/fau.unt.edu.ar\/fau\/author\/c2860607\/"},"uagb_comment_info":0,"uagb_excerpt":"Proyectos PIUNT en desarrollo Proyecto B701\u00a0 2023\/2026 Calidad ambiental urbana y edilicia: su influencia en la conservaci\u00f3n y la gesti\u00f3n sostenible del patrimonio de museos Director: Ajmat, Raul Fernando &#8211; rfajmat@hotmail.com Co-director: Sandoval Salinas, Mar\u00eda Leonor &#8211; mlsandoval@csnat.unt.edu.ar Integrantes: Baz\u00e1n, Liliana Natalia &#8211; \u00a0nbazan@herrera.unt.edu.ar Longhini, Mar\u00eda Victoria- vlonghini@herrera.unt.edu.ar Zamora, Mar\u00eda Silvana &#8211; ms_zamora@hotmail.com Barroso, Patricia&hellip;","_links":{"self":[{"href":"https:\/\/fau.unt.edu.ar\/fau\/wp-json\/wp\/v2\/posts\/1247","targetHints":{"allow":["GET"]}}],"collection":[{"href":"https:\/\/fau.unt.edu.ar\/fau\/wp-json\/wp\/v2\/posts"}],"about":[{"href":"https:\/\/fau.unt.edu.ar\/fau\/wp-json\/wp\/v2\/types\/post"}],"author":[{"embeddable":true,"href":"https:\/\/fau.unt.edu.ar\/fau\/wp-json\/wp\/v2\/users\/2"}],"replies":[{"embeddable":true,"href":"https:\/\/fau.unt.edu.ar\/fau\/wp-json\/wp\/v2\/comments?post=1247"}],"version-history":[{"count":5,"href":"https:\/\/fau.unt.edu.ar\/fau\/wp-json\/wp\/v2\/posts\/1247\/revisions"}],"predecessor-version":[{"id":1949,"href":"https:\/\/fau.unt.edu.ar\/fau\/wp-json\/wp\/v2\/posts\/1247\/revisions\/1949"}],"wp:attachment":[{"href":"https:\/\/fau.unt.edu.ar\/fau\/wp-json\/wp\/v2\/media?parent=1247"}],"wp:term":[{"taxonomy":"category","embeddable":true,"href":"https:\/\/fau.unt.edu.ar\/fau\/wp-json\/wp\/v2\/categories?post=1247"},{"taxonomy":"post_tag","embeddable":true,"href":"https:\/\/fau.unt.edu.ar\/fau\/wp-json\/wp\/v2\/tags?post=1247"}],"curies":[{"name":"wp","href":"https:\/\/api.w.org\/{rel}","templated":true}]}}