{"id":1208,"date":"2025-08-12T23:19:02","date_gmt":"2025-08-13T02:19:02","guid":{"rendered":"https:\/\/fau.unt.edu.ar\/fau\/?p=1208"},"modified":"2025-08-12T23:19:02","modified_gmt":"2025-08-13T02:19:02","slug":"diplomaturas-fau","status":"publish","type":"post","link":"https:\/\/fau.unt.edu.ar\/fau\/diplomaturas-fau\/","title":{"rendered":"Diplomaturas FAU"},"content":{"rendered":"<h4>Diplomatura \u201cProducci\u00f3n Social del Territorio\u201d<\/h4>\n<p><strong>Coordinadora: Dra. Arqta. Paula Boldrini<\/strong><\/p>\n<p><strong>Cuerpo Docente:<\/strong><\/p>\n<ul>\n<li>Prof. Josefina Racedo<\/li>\n<li>Dr. Pablo Paolasso<\/li>\n<li>Dra. Matilde Malizia<\/li>\n<li>Dr. Guillermo Rol\u00f3n<\/li>\n<li>Dra. Arqta. Paula Boldrini<\/li>\n<li>Dra. Silvia Nassif<\/li>\n<\/ul>\n<h6><strong>Objetivos<\/strong><\/h6>\n<p>Capacitaci\u00f3n y enriquecimiento de profesionales dedicados al trabajo en comunidad para la mejora participativa de la calidad de vida, bajo diferentes demandas y abordajes disciplinares e institucionales.<br \/>\nObjetivos espec\u00edficos<\/p>\n<ul>\n<li>Dotar de herramientas conceptuales necesarias para comprender las condiciones concretas de diferentes organizaciones comunitarias (barrios, comunidades, pueblos, etc), de modo tal que el diplomado sea capaz de adaptar y transformar activamente sus pr\u00e1cticas en el territorio.<\/li>\n<li>Dotar de herramientas instrumentales apropiadas para el acompa\u00f1amiento t\u00e9cnico en el territorio mediante pr\u00e1cticas democr\u00e1ticas y participativas en pol\u00edticas p\u00fablicas de desarrollo.<\/li>\n<\/ul>\n<p><strong>Modalidad<\/strong>: Presencial<br \/>\n<strong>Duraci\u00f3n<\/strong>: 7 meses<br \/>\n<strong>Desarrollo<\/strong>: Encuentro mensual de car\u00e1cter intensivo.<br \/>\n<strong>Did\u00e1ctica<\/strong>: Clases te\u00f3ricas seguidas de Grupos Operativos.<br \/>\nPr\u00e1cticas en el campo profesional, talleres, trabajos evaluativos.<br \/>\n<strong>Carga horaria<\/strong>: 140 Horas de cursos de posgrado. 7 M\u00f3dulos tem\u00e1ticos de 20 hs cada uno<br \/>\n<strong>Dirigido a:\u00a0<\/strong>Graduados universitarios, con especificidad de trabajo en procesos sociales de interacci\u00f3n con comunidades y grupos sociales de car\u00e1cter urbano o rural. Profesionales pertenecientes a instituciones p\u00fablicas cuyas pol\u00edticas tienen impacto en el territorio.<br \/>\n*Se dispondr\u00e1 un cupo de postulantes con t\u00edtulo de nivel superior no universitario de cuatro (4) a\u00f1os de duraci\u00f3n como m\u00ednimo, en la medida que exista pertinencia tem\u00e1tica con la presente diplomatura,a definir por el Comit\u00e9 Acad\u00e9mico<\/p>\n<hr \/>\n<h4>Diplomatura \u201cDise\u00f1o Estructural\u201d<\/h4>\n<p><strong>(inicio suspendido hasta nuevo aviso)<\/strong><\/p>\n<p><strong>Coordinador: Ing. Rafael H. Blanca<\/strong><\/p>\n<h6>Cuerpo Docente:<\/h6>\n<ul>\n<li><strong>Ing. Rafael H. Blanca<\/strong><\/li>\n<li><strong>Ing. Sergio D. Cesano<\/strong><\/li>\n<li><strong>Ing. Jos\u00e9 Valoy<\/strong><\/li>\n<\/ul>\n<p>El constante avance de la ciencia y la tecnolog\u00eda en las estructuras y procesos constructivos, obliga a los profesionales a incrementar su bagaje de conocimientos para obtener una permanente actualizaci\u00f3n.<\/p>\n<h6>Objetivos<\/h6>\n<p>Dotar de herramientas para el Dise\u00f1o, An\u00e1lisis y realizaci\u00f3n de Documentaci\u00f3n Ejecutiva de sistemas estructurales complejos no abordados en cursos de grado.<\/p>\n<p><strong>Carga horaria<\/strong>: 120 Horas de cursos de posgrado<br \/>\n<strong>Modalidad<\/strong>:\u00a0Semipresencial<br \/>\n<strong>Destinatarios<\/strong>:\u00a0Arquitectos\/as, Ingenieros\/as Civiles, Ingenieros\/as en Construcci\u00f3n<br \/>\n<strong>Cupo<\/strong>: M\u00ednimo 10 \u2013 M\u00e1ximo 30<\/p>\n<h6>Informes<\/h6>\n<p>Secretar\u00eda de Posgrado \u2013 Facultad de Arquitectura y Urbanismo \u2013 UNT<br \/>\nAv. Roca 1900. Block Arquitectura. 2\u00ba piso \u2013 Tel. (381) 4107541<br \/>\nMail: postgrado.arq.tuc@herrera.unt.edu.ar<\/p>\n<hr \/>\n<h4>Diplomatura \u201cG\u00e9neros, ciudades y territorios: Herramientas para una agenda p\u00fablica<\/h4>\n<p><strong>Coordinadora: Dra. Arq. Natalia Czytajlo<\/strong><\/p>\n<p><strong>Cuerpo Docente:<\/strong><\/p>\n<ul>\n<li><strong>Natalia Czytajlo<\/strong><\/li>\n<li><strong>Ana Fal\u00fa<\/strong><\/li>\n<li><strong>Liliana Rainero<\/strong><\/li>\n<li><strong>In\u00e9s Moisset.<\/strong><\/li>\n<li><strong>Laura Sarmiento<\/strong><\/li>\n<\/ul>\n<h6><strong>Profesoras invitadas<\/strong><\/h6>\n<p>Marta Casares, Marisol Dalmazzo, Leticia Echavarri, Hilda Beatriz Garrido, Florencia Marciani, In\u00e9s Moisset, Carolina Quiroga, Liliana Rainero, In\u00e9s S\u00e1nchez de Madariaga, Ana Laura Rodriguez Gust\u00e1, Laura Sarmiento, Olga Segovia, Blanca Valdivia<\/p>\n<h6><strong>Objetivo general<\/strong><\/h6>\n<p>Brindar herramientas para el abordaje del h\u00e1bitat y la ciudad incorporando la categor\u00eda g\u00e9nero desde las dimensiones -anal\u00edtica, te\u00f3rica y propositiva- tal que permita fortalecer el espacio disciplinar que contribuya a la construcci\u00f3n de agendas p\u00fablicas en torno a la expresi\u00f3n de demandas y derechos de mujeres y diversidades en los territorios.<\/p>\n<h6><strong>Objetivos espec\u00edficos<\/strong><\/h6>\n<p>Revisar a la luz de la teor\u00eda y la articulaci\u00f3n de categor\u00edas g\u00e9nero, h\u00e1bitat y ciudad, las pr\u00e1cticas, sujetos y experiencias desde las disciplinas proyectuales.<\/p>\n<p>Debatir y abrir campos de reflexi\u00f3n a partir del an\u00e1lisis cr\u00edtico y desde una visi\u00f3n comparada, de desarrollos te\u00f3ricos y experiencias del contexto nacional\/ regional<\/p>\n<p>Incorporar herramientas anal\u00edticas, propositivas y de gesti\u00f3n hacia el desarrollo de agendas comunes entre \u00e1reas gubernamentales, comunidades y el campo cient\u00edfico tecnol\u00f3gico en el marco de los consensos globales, regionales y las agendas locales sobre derechos humanos.<\/p>\n<p><strong>Modalidad:<\/strong>\u00a0dictado virtual.<br \/>\n<strong>Fecha de realizaci\u00f3n:<\/strong>\u00a0Octubre 2020\/ Mayo 2021<br \/>\n<strong>Desarrollo y did\u00e1ctica:\u00a0<\/strong>Diplomatura compuesta por 5 espacios curriculares agrupados en 5 cursos, 3 de 30 horas y dos de 25 que vinculan corpus te\u00f3ricos y metodol\u00f3gicos para el abordaje de las relaciones entre g\u00e9nero(s), ciudad(es) y territorio(s) y el campo de las agendas p\u00fablicas vinculado especialmente a las disciplinas proyectuales con incorporaci\u00f3n y desarrollo de experiencias, iniciativas. \u00a0Cada curso se compone de m\u00f3dulos a desarrollar entre dos y seis semanas, con uno o dos encuentros semanales a definir seg\u00fan el curso en los meses previstos. Cada una de ellos supone bibliograf\u00eda de lectura obligatoria, bibliograf\u00eda complementaria, foros de debate y actividades de formaci\u00f3n propuestas por el equipo docente. La cursada es virtual con instancias sincr\u00f3nicas y asincr\u00f3nicas.<br \/>\n<strong>Carga Horaria:<\/strong>\u00a0140 hs<br \/>\n<strong>Dirigido a:\u00a0<\/strong>Graduadas\/os en carreras vinculadas principalmente a disciplinas proyectuales y afines de las ciencias sociales y humanas, docentes, investigadores\/as y becarias\/os en sistemas de ciencia y tecnolog\u00eda, t\u00e9cnicas\/os y funcionarias\/os y estudiantes (que contar\u00e1n con certificado de asistencia)<\/p>\n<h6><strong>Informes<\/strong><\/h6>\n<p>observatoriofau@herrera.unt.edu.ar<\/p>\n<hr \/>\n<h4 class=\"post-title\">Diplomatura en Dise\u00f1o del Paisaje<\/h4>\n<p><strong>Facultad de Arquitectura y Urbanismo\u00a0\u2013\u00a0Facultad de Agronom\u00eda y Zootecnia\u00a0\u2013\u00a0UNT<\/strong><\/p>\n<h6><strong>Objetivos Generales<\/strong><\/h6>\n<p>La Diplomatura en Dise\u00f1o del Paisaje constituye un \u00e1mbito de aprendizaje que tiene como objetivos generales:<\/p>\n<ul>\n<li>Formar diplomados conceptual y metodol\u00f3gicamente id\u00f3neos, desde una postura interdisciplinaria y preservacionista con el ambiente, para desempe\u00f1arse con solvencia en el dise\u00f1o y materializaci\u00f3n del paisaje.<\/li>\n<li>Capacitar diplomados conscientes de la dimensi\u00f3n social de la disciplina del paisaje, cuya acci\u00f3n redunde siempre en la mejor calidad de vida de la gente.<\/li>\n<\/ul>\n<h6><strong>Requisitos de Ingreso<\/strong><\/h6>\n<p>Dada las caracter\u00edsticas de la disciplina del paisaje, como ciencia compleja, transversal e interdisciplinaria, podr\u00e1n ingresar a la carrera de\u00a0<strong>Diplomatura en Dise\u00f1o del Paisaje<\/strong>\u00a0profesionales, alumnos universitarios de diferentes disciplinas o quienes que hayan alcanzado el nivel terciario o secundario completo, que decidan diplomarse en el tema motivo de la presente propuesta.<\/p>\n<h6><strong>Caracter\u00edsticas<\/strong><\/h6>\n<p><strong>Modalidad:\u00a0<\/strong>La carrera ser\u00e1 virtual (por Zoom), aunque est\u00e1 previsto realizar algunas actividades presenciales al finalizar la situaci\u00f3n de pandemia.<br \/>\n<strong>Carga horaria:\u00a0<\/strong>Carga horaria total: 150 hs.<br \/>\n<strong>Duraci\u00f3n de la Diplomatura:\u00a0<\/strong>8 (ocho) meses<\/p>\n<h6><strong>Estructura del Plan de Estudio<\/strong><\/h6>\n<p>El Plan de Estudio de la\u00a0<strong>Diplomatura en Dise\u00f1o del Paisaje<\/strong>, se estructura en tres m\u00f3dulos.<\/p>\n<p><strong>M\u00f3dulo 1: 1. El paisaje<\/strong><\/p>\n<ul>\n<li>Teor\u00eda y Dise\u00f1o del paisaje<\/li>\n<li>Historia del paisaje como herramientas de dise\u00f1o<\/li>\n<li>Bot\u00e1nica y Ecolog\u00eda<\/li>\n<\/ul>\n<p><strong>M\u00f3dulo 2: Los componentes del Paisaje<\/strong><\/p>\n<ul>\n<li>El equipamiento, la iluminaci\u00f3n y el agua en el dise\u00f1o del paisaje<\/li>\n<li>La vegetaci\u00f3n como herramienta para el dise\u00f1o del paisaje<\/li>\n<li>Las plantas ornamentales en el paisaje<\/li>\n<\/ul>\n<p><strong>M\u00f3dulo 3: Dise\u00f1o del Paisaje<\/strong><\/p>\n<ul>\n<li>Curso\/taller: Dise\u00f1o del paisaje<\/li>\n<\/ul>\n<p><strong>Arancel:\u00a0<\/strong>Total Diplomatura $21.000._ (Se puede abonar en 7 cuotas de $3.000)<br \/>\n<strong>Cupo:\u00a0<\/strong>M\u00ednimo 10 alumnos \u2013 M\u00e1ximo 25 alumnos. \u00a0El cupo se cubre seg\u00fan el orden de llegada de los formularios de preinscripciones.<br \/>\n<strong>Comienzo de Clases:\u00a0<\/strong>Jueves 15 de octubre 2020. Martes y jueves de 18 a 20 hs.<\/p>\n<h6><strong>Informes<\/strong><\/h6>\n<p>E-mail:\u00a0<a href=\"mailto:ddp.fau.faz.unt@gmail.com\">ddp.fau.faz.unt@gmail.com<\/a><\/p>\n<h6><strong>Preinscripciones<\/strong><\/h6>\n<p><a href=\"https:\/\/forms.gle\/iCUKW8BFuPzf8HBc6\">https:\/\/forms.gle\/iCUKW8BFuPzf8HBc6<\/a><\/p>\n<hr \/>\n<h4 class=\"post-title\">Diplomatura en Gesti\u00f3n Inmobiliaria. FAU \u2013 FACE<\/h4>\n<p><strong>Facultad de Ciencias Econ\u00f3micas y Facultad de Arquitectura de la Universidad Nacional de Tucum\u00e1n<\/strong><\/p>\n<h6><strong>Destinatarios<\/strong><\/h6>\n<p>La Diplomatura est\u00e1 dirigida a profesionales, licenciados, t\u00e9cnicos y personas que desarrollan actividades en la gesti\u00f3n de proyectos inmobiliarios p\u00fablicos o privados y tambi\u00e9n para el p\u00fablico en general interesado en la tem\u00e1tica que deseen profundizar en los conceptos claves de\u00a0 la gesti\u00f3n inmobiliaria.<\/p>\n<h6><strong>Objetivo general<\/strong><\/h6>\n<p>El programa busca que los participantes puedan contar con conocimientos de gesti\u00f3n para abordar cr\u00edticamente las modalidades actuales del mercado inmobiliario, la creciente complejidad de sus transacciones de los proyectos de desarrollo inmobiliario, como tambi\u00e9n generar propuestas alternativas e innovadoras y\/o propuestas de negocios dentro del marco normativo vigente.<\/p>\n<h6><strong>Tem\u00e1ticas a desarrollar<\/strong><\/h6>\n<figure class=\"wp-block-table is-style-stripes\">\n<table width=\"565\">\n<tbody>\n<tr>\n<td><strong>\u00a0<\/strong><\/td>\n<td><strong>\u00a0 \u00a0 \u00a0 \u00a0 \u00a0 \u00a0 \u00a0\u00a0<\/strong><\/td>\n<td><strong>Horas<\/strong><\/td>\n<\/tr>\n<tr>\n<td>Mercado Inmobiliario Local y Nacional<\/td>\n<td>FAU<\/td>\n<td>20<\/td>\n<\/tr>\n<tr>\n<td>R\u00e9gimen Tributario en la Actividad Inmobiliaria<\/td>\n<td>FACE<\/td>\n<td>20<\/td>\n<\/tr>\n<tr>\n<td>Normativas en el desarrollo inmobiliario<\/td>\n<td>FAU<\/td>\n<td>20<\/td>\n<\/tr>\n<tr>\n<td>Marketing Inmobiliario<\/td>\n<td>FACE<\/td>\n<td>20<\/td>\n<\/tr>\n<tr>\n<td>Nociones de Econom\u00eda y Finanzas<\/td>\n<td>FACE<\/td>\n<td>20<\/td>\n<\/tr>\n<tr>\n<td>Desarrollo Urbano y Ordenamiento Territorial<\/td>\n<td>FAU<\/td>\n<td>20<\/td>\n<\/tr>\n<tr>\n<td>Presupuestos y Control de proyectos<\/td>\n<td>FAU<\/td>\n<td>20<\/td>\n<\/tr>\n<tr>\n<td>Formulaci\u00f3n y Evaluaci\u00f3n de Proyectos Inmobiliarios<\/td>\n<td>FACE<\/td>\n<td>20<\/td>\n<\/tr>\n<tr>\n<td><strong>TOTAL DE HORAS<\/strong><\/td>\n<td><strong>\u00a0<\/strong><\/td>\n<td><strong>160<\/strong><\/td>\n<\/tr>\n<\/tbody>\n<\/table>\n<\/figure>\n<h6><strong>Inscripciones y costos<\/strong><\/h6>\n<p>Las unidades acad\u00e9micas establecen la fecha de inicio el\u00a0 5 de Octubre de 2020. Se invita a los interesados a preincribirse en:<\/p>\n<p><strong>http:\/\/bit.ly\/DiplomaturaGI<\/strong><\/p>\n<p>Y luego al inicio del curso seg\u00fan los requisitos que se establezcan oportunamente. El costo es de $ 5.000. mensuales.<\/p>\n<h6><strong>Certificados<\/strong><\/h6>\n<p>Una vez completada la totalidad de las materias inclu\u00eddas en la diplomatura con la asistencia m\u00ednima del 75% de las clases virtuales de cada materia, se emitir\u00e1 un certificado de asistencia otorgado por la Facultad de Ciencias Econ\u00f3micas y la Facultad de Arquitectura y Urbanismo. Esta Diplomatura se enmarca dentro de las actividades de extensi\u00f3n articulando con el medio para atender a la demanda de capacitaci\u00f3n y perfeccionamiento con el objetivo de intercambiar saberes y conocimientos espec\u00edficos asociados a pr\u00e1cticas laborales de orden operativo, t\u00e9cnico o profesional.<\/p>\n<h6><strong>Direcci\u00f3n<\/strong><\/h6>\n<p>El programa de la Diplomatura en Gest\u00ed\u00f3n Inmobiliaria estar\u00e1 a coordinado por el\u00a0 Mag. Jorge Rospide de la FACE y\u00a0 el Arq Edgardo Albo de la FAU.<\/p>\n<h6><strong>Modalidad<\/strong><\/h6>\n<p>El dictado de la Diplomatura es de car\u00e1cter virtual en atenci\u00f3n a la situaci\u00f3n de pandemia actual. Tiene un total de 160 Horas distribuidas en 8 materias de 20 hs cada una. Las clases de dictaran en forma intensiva en d\u00edas y horas a determinarse. El total del programa est\u00e1 previsto desarrollarse en 5 meses. Las materias se dictar\u00e1n desde las plataformas virtuales de la Universidad Nacional de Tucum\u00e1n,\u00a0\u00a0 ya sea desde la Facultad de Ciencias Econ\u00f3micas y\/o desde la Facultad de Arquitectura y Urbanismo\u00a0\u00a0 \u2013 San Miguel de Tucum\u00e1n \u2013 Tucum\u00e1n.<\/p>\n","protected":false},"excerpt":{"rendered":"<p>Diplomatura \u201cProducci\u00f3n Social del Territorio\u201d Coordinadora: Dra. Arqta. Paula Boldrini Cuerpo Docente: Prof. Josefina Racedo Dr. Pablo Paolasso Dra. Matilde Malizia Dr. Guillermo Rol\u00f3n Dra. Arqta. Paula Boldrini Dra. Silvia Nassif Objetivos Capacitaci\u00f3n y enriquecimiento de profesionales dedicados al trabajo en comunidad para la mejora participativa de la calidad de vida, bajo diferentes demandas y [&hellip;]<\/p>\n","protected":false},"author":2,"featured_media":1211,"comment_status":"closed","ping_status":"open","sticky":false,"template":"","format":"standard","meta":{"_uag_custom_page_level_css":"","footnotes":""},"categories":[38,33],"tags":[],"class_list":["post-1208","post","type-post","status-publish","format-standard","has-post-thumbnail","hentry","category-docentes","category-institucional"],"uagb_featured_image_src":{"full":["https:\/\/fau.unt.edu.ar\/fau\/wp-content\/uploads\/2025\/08\/jardines-fau.jpg",1200,360,false],"thumbnail":["https:\/\/fau.unt.edu.ar\/fau\/wp-content\/uploads\/2025\/08\/jardines-fau-150x150.jpg",150,150,true],"medium":["https:\/\/fau.unt.edu.ar\/fau\/wp-content\/uploads\/2025\/08\/jardines-fau-300x90.jpg",300,90,true],"medium_large":["https:\/\/fau.unt.edu.ar\/fau\/wp-content\/uploads\/2025\/08\/jardines-fau-768x230.jpg",768,230,true],"large":["https:\/\/fau.unt.edu.ar\/fau\/wp-content\/uploads\/2025\/08\/jardines-fau-1024x307.jpg",900,270,true],"1536x1536":["https:\/\/fau.unt.edu.ar\/fau\/wp-content\/uploads\/2025\/08\/jardines-fau.jpg",1200,360,false],"2048x2048":["https:\/\/fau.unt.edu.ar\/fau\/wp-content\/uploads\/2025\/08\/jardines-fau.jpg",1200,360,false],"320w":["https:\/\/fau.unt.edu.ar\/fau\/wp-content\/uploads\/2025\/08\/jardines-fau-320x96.jpg",320,96,true],"480w":["https:\/\/fau.unt.edu.ar\/fau\/wp-content\/uploads\/2025\/08\/jardines-fau-480x144.jpg",480,144,true],"800w":["https:\/\/fau.unt.edu.ar\/fau\/wp-content\/uploads\/2025\/08\/jardines-fau-800x240.jpg",800,240,true]},"uagb_author_info":{"display_name":"c2860607","author_link":"https:\/\/fau.unt.edu.ar\/fau\/author\/c2860607\/"},"uagb_comment_info":0,"uagb_excerpt":"Diplomatura \u201cProducci\u00f3n Social del Territorio\u201d Coordinadora: Dra. Arqta. Paula Boldrini Cuerpo Docente: Prof. Josefina Racedo Dr. Pablo Paolasso Dra. Matilde Malizia Dr. Guillermo Rol\u00f3n Dra. Arqta. Paula Boldrini Dra. Silvia Nassif Objetivos Capacitaci\u00f3n y enriquecimiento de profesionales dedicados al trabajo en comunidad para la mejora participativa de la calidad de vida, bajo diferentes demandas y&hellip;","_links":{"self":[{"href":"https:\/\/fau.unt.edu.ar\/fau\/wp-json\/wp\/v2\/posts\/1208","targetHints":{"allow":["GET"]}}],"collection":[{"href":"https:\/\/fau.unt.edu.ar\/fau\/wp-json\/wp\/v2\/posts"}],"about":[{"href":"https:\/\/fau.unt.edu.ar\/fau\/wp-json\/wp\/v2\/types\/post"}],"author":[{"embeddable":true,"href":"https:\/\/fau.unt.edu.ar\/fau\/wp-json\/wp\/v2\/users\/2"}],"replies":[{"embeddable":true,"href":"https:\/\/fau.unt.edu.ar\/fau\/wp-json\/wp\/v2\/comments?post=1208"}],"version-history":[{"count":1,"href":"https:\/\/fau.unt.edu.ar\/fau\/wp-json\/wp\/v2\/posts\/1208\/revisions"}],"predecessor-version":[{"id":1214,"href":"https:\/\/fau.unt.edu.ar\/fau\/wp-json\/wp\/v2\/posts\/1208\/revisions\/1214"}],"wp:featuredmedia":[{"embeddable":true,"href":"https:\/\/fau.unt.edu.ar\/fau\/wp-json\/wp\/v2\/media\/1211"}],"wp:attachment":[{"href":"https:\/\/fau.unt.edu.ar\/fau\/wp-json\/wp\/v2\/media?parent=1208"}],"wp:term":[{"taxonomy":"category","embeddable":true,"href":"https:\/\/fau.unt.edu.ar\/fau\/wp-json\/wp\/v2\/categories?post=1208"},{"taxonomy":"post_tag","embeddable":true,"href":"https:\/\/fau.unt.edu.ar\/fau\/wp-json\/wp\/v2\/tags?post=1208"}],"curies":[{"name":"wp","href":"https:\/\/api.w.org\/{rel}","templated":true}]}}