{"id":1190,"date":"2025-08-12T23:14:07","date_gmt":"2025-08-13T02:14:07","guid":{"rendered":"https:\/\/fau.unt.edu.ar\/fau\/?p=1190"},"modified":"2025-08-12T23:14:07","modified_gmt":"2025-08-13T02:14:07","slug":"carreras-de-especializacion","status":"publish","type":"post","link":"https:\/\/fau.unt.edu.ar\/fau\/carreras-de-especializacion\/","title":{"rendered":"Carreras de especializaci\u00f3n"},"content":{"rendered":"<p>Carrera de Especializaci\u00f3n en Arquitectura Sustentable<br \/>\nAprobada por el HCS (Resol. N\u00ba 0443\/2016) y presentada a CONEAU en abril 2016. | VER<br \/>\nCarrera de Especializaci\u00f3n en Gesti\u00f3n Integral del Proyecto Arquitect\u00f3nico<br \/>\nAprobada por el HCS-UNT | VER<br \/>\nPROXIMAMENTE:<\/p>\n<p>Carrera de Especializaci\u00f3n en Dise\u00f1o de la Espacialidad Esc\u00e9nica<br \/>\n(En proceso de Acreditaci\u00f3n ante CONEAU) | VER<\/p>\n","protected":false},"excerpt":{"rendered":"<p>Carrera de Especializaci\u00f3n en Arquitectura Sustentable Aprobada por el HCS (Resol. N\u00ba 0443\/2016) y presentada a CONEAU en abril 2016. | VER Carrera de Especializaci\u00f3n en Gesti\u00f3n Integral del Proyecto Arquitect\u00f3nico Aprobada por el HCS-UNT | VER PROXIMAMENTE: Carrera de Especializaci\u00f3n en Dise\u00f1o de la Espacialidad Esc\u00e9nica (En proceso de Acreditaci\u00f3n ante CONEAU) | VER<\/p>\n","protected":false},"author":2,"featured_media":0,"comment_status":"closed","ping_status":"open","sticky":false,"template":"","format":"standard","meta":{"_uag_custom_page_level_css":"","footnotes":""},"categories":[38,33],"tags":[],"class_list":["post-1190","post","type-post","status-publish","format-standard","hentry","category-docentes","category-institucional"],"uagb_featured_image_src":{"full":false,"thumbnail":false,"medium":false,"medium_large":false,"large":false,"1536x1536":false,"2048x2048":false,"320w":false,"480w":false,"800w":false},"uagb_author_info":{"display_name":"c2860607","author_link":"https:\/\/fau.unt.edu.ar\/fau\/author\/c2860607\/"},"uagb_comment_info":0,"uagb_excerpt":"Carrera de Especializaci\u00f3n en Arquitectura Sustentable Aprobada por el HCS (Resol. N\u00ba 0443\/2016) y presentada a CONEAU en abril 2016. | VER Carrera de Especializaci\u00f3n en Gesti\u00f3n Integral del Proyecto Arquitect\u00f3nico Aprobada por el HCS-UNT | VER PROXIMAMENTE: Carrera de Especializaci\u00f3n en Dise\u00f1o de la Espacialidad Esc\u00e9nica (En proceso de Acreditaci\u00f3n ante CONEAU) | VER","_links":{"self":[{"href":"https:\/\/fau.unt.edu.ar\/fau\/wp-json\/wp\/v2\/posts\/1190","targetHints":{"allow":["GET"]}}],"collection":[{"href":"https:\/\/fau.unt.edu.ar\/fau\/wp-json\/wp\/v2\/posts"}],"about":[{"href":"https:\/\/fau.unt.edu.ar\/fau\/wp-json\/wp\/v2\/types\/post"}],"author":[{"embeddable":true,"href":"https:\/\/fau.unt.edu.ar\/fau\/wp-json\/wp\/v2\/users\/2"}],"replies":[{"embeddable":true,"href":"https:\/\/fau.unt.edu.ar\/fau\/wp-json\/wp\/v2\/comments?post=1190"}],"version-history":[{"count":1,"href":"https:\/\/fau.unt.edu.ar\/fau\/wp-json\/wp\/v2\/posts\/1190\/revisions"}],"predecessor-version":[{"id":1192,"href":"https:\/\/fau.unt.edu.ar\/fau\/wp-json\/wp\/v2\/posts\/1190\/revisions\/1192"}],"wp:attachment":[{"href":"https:\/\/fau.unt.edu.ar\/fau\/wp-json\/wp\/v2\/media?parent=1190"}],"wp:term":[{"taxonomy":"category","embeddable":true,"href":"https:\/\/fau.unt.edu.ar\/fau\/wp-json\/wp\/v2\/categories?post=1190"},{"taxonomy":"post_tag","embeddable":true,"href":"https:\/\/fau.unt.edu.ar\/fau\/wp-json\/wp\/v2\/tags?post=1190"}],"curies":[{"name":"wp","href":"https:\/\/api.w.org\/{rel}","templated":true}]}}