{"id":1138,"date":"2025-08-12T22:44:27","date_gmt":"2025-08-13T01:44:27","guid":{"rendered":"https:\/\/fau.unt.edu.ar\/fau\/?p=1138"},"modified":"2025-08-12T22:45:09","modified_gmt":"2025-08-13T01:45:09","slug":"organizacion-academica","status":"publish","type":"post","link":"https:\/\/fau.unt.edu.ar\/fau\/organizacion-academica\/","title":{"rendered":"Organizaci\u00f3n acad\u00e9mica"},"content":{"rendered":"<p>La estructura acad\u00e9mica de la facultad est\u00e1 organizada en base a unidades operativas que son las c\u00e1tedras, las cuales son las responsables del dictado de las materias obligatorias y de materias electivas. A esta organizaci\u00f3n se suman los laboratorios y otros centros de investigaci\u00f3n que complementan las actividades acad\u00e9micas.<br \/>\nA su vez las c\u00e1tedras est\u00e1n organizadas en Institutos, los cuales responden a las \u00e1reas de conocimiento.<\/p>\n<hr \/>\n<h3>Institutos y C\u00e1tedras<\/h3>\n<p><strong>Instituto de Morfolog\u00eda Arquitect\u00f3nica, IMA<\/strong><\/p>\n<p><i>Directora de Instituto: Arq. Estela Boscarino<\/i><\/p>\n<ul>\n<li><strong>Sistemas de Representaci\u00f3n<\/strong>: Arq. Carlos Augusto Marcotullio<\/li>\n<li><b>Morfolog\u00eda I<\/b>\u00a0: Arqtas.: Estela Beatriz Boscarino \/ Soledad Julia<\/li>\n<li><b>Morfolog\u00eda II<\/b>: Arq. Mar\u00eda In\u00e9s del Valle Mollica<\/li>\n<li><b>Morfolog\u00eda III<\/b>: Arq. Clara Graciela Ben Altabef<\/li>\n<\/ul>\n<hr \/>\n<p><strong>Instituto de Inform\u00e1tica Arquitect\u00f3nica \u2013 IIA<\/strong><\/p>\n<p><i>Director de Instituto: Arq. Roberto G\u00f3mez L\u00f3pez\u00a0<\/i><b><br \/>\n<\/b><\/p>\n<ul>\n<li><b>T\u00e9cnicas Digitales I<\/b>: Ing. Hern\u00e1n Emilio Zucchi<\/li>\n<li><b>T\u00e9cnicas Digitales II<\/b>: Arq. Roberto Hugo Serrentino<\/li>\n<\/ul>\n<hr \/>\n<p><strong>Instituto de Historia y Patrimonio<\/strong><\/p>\n<p><i>Director de Instituto: Arq. Oscar Chelela<\/i><\/p>\n<ul>\n<li><b>Historia I<\/b>: Arq. Ana L\u00eda Chiarello<\/li>\n<li><b>Historia II<\/b>: Arq. Daniela Beatriz Moreno<\/li>\n<li><b>Historia III<\/b>: Susana Josefina Villavicencio \/ Raimundo Daniel Rubio<\/li>\n<\/ul>\n<hr \/>\n<p><strong>Instituto de Dise\u00f1o Arquitect\u00f3nico \u2013 IDA<\/strong><\/p>\n<p><i>Director de Instituto: Arq. Jos\u00e9 Luis Sala<\/i><b><br \/>\n<\/b><\/p>\n<ul>\n<li><b>Taller Moebius<\/b>: Arq. Hugo El\u00edas Nallar<\/li>\n<li><b>Taller Interdisciplinario<\/b>: Arq. Silvia Liliana Ferrero<\/li>\n<li><b>Taller Umbrhal<\/b>: Arq. Mirta Adriana Assef<\/li>\n<li><b>Taller Tedeschi<\/b>: Arq. H\u00e9ctor Hugo Ahumada Ostengo<\/li>\n<li><b>Taller Duffy<\/b>: Arq. A. Rafael P\u00e1ez M\u00e1rquez<\/li>\n<li><b>Taller Combes<\/b>: Arq. Patricia G. Rodr\u00edguez Anido<\/li>\n<li><b>Taller Caminos<\/b>\u00a0\u2013 Barrionuevo: Arq. Rafael F. Caminos \/ Arq. Ana Isabel Dantur \/ Arq. Luis Bustos<\/li>\n<li><b>Taller Salim<\/b>: Arq. Juan Osvaldo Martorell<\/li>\n<li><b>Taller Ramazzotti-Sala<\/b>: Arqtos. Jos\u00e9 Luis Sala \/ Juan Ramazzotti<\/li>\n<li><b>Teor\u00eda de la Arquitectura<\/b>: Arq. Claudia F. G\u00f3mez L\u00f3pez<\/li>\n<\/ul>\n<hr \/>\n<p><strong>Instituto de Planeamiento y Desarrollo Urbano<\/strong><\/p>\n<p><i>Directora de Instituto: Arq. Marta Casares<\/i><b><br \/>\n<\/b><\/p>\n<ul>\n<li><b>Urban\u00edstica<\/b><b>\u00a0I | Taller de Urbanismo y Planificaci\u00f3n I<\/b>: Arq. Marta Delia Casares<\/li>\n<li><b>Urban\u00edstica\u00a0<\/b><b><\/b><b>II | Taller de\u00a0Urbanismo y Planificaci\u00f3n II:\u00a0<\/b>Arq. H\u00e9ctor Alberto Bomba<\/li>\n<\/ul>\n<hr \/>\n<p><strong>Instituto de Tecnolog\u00eda Arquitect\u00f3nica \u2013 ITA<\/strong><\/p>\n<p><i>Director de Instituto: Arq. Jorge Pacheco<\/i><\/p>\n<ul>\n<li><b>Introducci\u00f3n T\u00e9cnica<\/b>: Arq. Jos\u00e9 Luis Patricio Guijarro<\/li>\n<li><b>Tecnolog\u00eda<\/b>: Arq. Angel Marcelo Costilla<\/li>\n<li><b>Estructuras I<\/b>: Ing. Arturo Alberto Ter\u00e1n Navarro<\/li>\n<li><b>Estructuras II<\/b>: Ing. Rafael H\u00e9ctor Blanca<\/li>\n<li><b>Estructuras III<\/b>: Ing. Rafael H\u00e9ctor Blanca<\/li>\n<li><b>Construcciones I<\/b>: Arq. Luc\u00eda Catalina Toppa<\/li>\n<li><b>Construcciones II<\/b>: Arq. Nora Mabel Fajre<\/li>\n<li><b>Construcciones III<\/b>: Arq. Nora Mabel Fajre<\/li>\n<li><b>Matem\u00e1ticas Aplicada<\/b>: Lic. Marta L\u00eda Molina<\/li>\n<\/ul>\n<hr \/>\n<p><strong>Instituto de Acondicionamiento Ambiental<\/strong><\/p>\n<p><i>Directora de Instituto: Arq. Sara L\u00eda Ledesma<\/i><b><br \/>\n<\/b><\/p>\n<ul>\n<li><b>Ambiental I:<\/b>\u00a0Arq. Guillermo Enrique Gonzalo<\/li>\n<li><b>Ambiental II<\/b>: Arq. Jos\u00e9 Luis Patricio Guijarro<\/li>\n<\/ul>\n<hr \/>\n<p><strong>Instituto de Econom\u00eda y Legal<\/strong><\/p>\n<p><i>Director de Instituto: Arq.\u00a0 Edgardo Albo<\/i><b><br \/>\n<\/b><\/p>\n<ul>\n<li><b>Econom\u00eda y Organizaci\u00f3n de Obras<\/b>: Arq. Edgardo Alberto Albo<\/li>\n<li><b>Legislaci\u00f3n y Ejercicio Profesional<\/b>: Arq. Adriana De\u00a0La Vega<\/li>\n<\/ul>\n","protected":false},"excerpt":{"rendered":"<p>La estructura acad\u00e9mica de la facultad est\u00e1 organizada en base a unidades operativas que son las c\u00e1tedras, las cuales son las responsables del dictado de las materias obligatorias y de materias electivas. A esta organizaci\u00f3n se suman los laboratorios y otros centros de investigaci\u00f3n que complementan las actividades acad\u00e9micas. A su vez las c\u00e1tedras est\u00e1n [&hellip;]<\/p>\n","protected":false},"author":2,"featured_media":1142,"comment_status":"closed","ping_status":"open","sticky":false,"template":"","format":"standard","meta":{"_uag_custom_page_level_css":"","footnotes":""},"categories":[1],"tags":[],"class_list":["post-1138","post","type-post","status-publish","format-standard","has-post-thumbnail","hentry","category-sin-categoria"],"uagb_featured_image_src":{"full":["https:\/\/fau.unt.edu.ar\/fau\/wp-content\/uploads\/2025\/08\/academica.jpg",1200,360,false],"thumbnail":["https:\/\/fau.unt.edu.ar\/fau\/wp-content\/uploads\/2025\/08\/academica-150x150.jpg",150,150,true],"medium":["https:\/\/fau.unt.edu.ar\/fau\/wp-content\/uploads\/2025\/08\/academica-300x90.jpg",300,90,true],"medium_large":["https:\/\/fau.unt.edu.ar\/fau\/wp-content\/uploads\/2025\/08\/academica-768x230.jpg",768,230,true],"large":["https:\/\/fau.unt.edu.ar\/fau\/wp-content\/uploads\/2025\/08\/academica-1024x307.jpg",900,270,true],"1536x1536":["https:\/\/fau.unt.edu.ar\/fau\/wp-content\/uploads\/2025\/08\/academica.jpg",1200,360,false],"2048x2048":["https:\/\/fau.unt.edu.ar\/fau\/wp-content\/uploads\/2025\/08\/academica.jpg",1200,360,false],"320w":["https:\/\/fau.unt.edu.ar\/fau\/wp-content\/uploads\/2025\/08\/academica-320x96.jpg",320,96,true],"480w":["https:\/\/fau.unt.edu.ar\/fau\/wp-content\/uploads\/2025\/08\/academica-480x144.jpg",480,144,true],"800w":["https:\/\/fau.unt.edu.ar\/fau\/wp-content\/uploads\/2025\/08\/academica-800x240.jpg",800,240,true]},"uagb_author_info":{"display_name":"c2860607","author_link":"https:\/\/fau.unt.edu.ar\/fau\/author\/c2860607\/"},"uagb_comment_info":0,"uagb_excerpt":"La estructura acad\u00e9mica de la facultad est\u00e1 organizada en base a unidades operativas que son las c\u00e1tedras, las cuales son las responsables del dictado de las materias obligatorias y de materias electivas. A esta organizaci\u00f3n se suman los laboratorios y otros centros de investigaci\u00f3n que complementan las actividades acad\u00e9micas. A su vez las c\u00e1tedras est\u00e1n&hellip;","_links":{"self":[{"href":"https:\/\/fau.unt.edu.ar\/fau\/wp-json\/wp\/v2\/posts\/1138","targetHints":{"allow":["GET"]}}],"collection":[{"href":"https:\/\/fau.unt.edu.ar\/fau\/wp-json\/wp\/v2\/posts"}],"about":[{"href":"https:\/\/fau.unt.edu.ar\/fau\/wp-json\/wp\/v2\/types\/post"}],"author":[{"embeddable":true,"href":"https:\/\/fau.unt.edu.ar\/fau\/wp-json\/wp\/v2\/users\/2"}],"replies":[{"embeddable":true,"href":"https:\/\/fau.unt.edu.ar\/fau\/wp-json\/wp\/v2\/comments?post=1138"}],"version-history":[{"count":1,"href":"https:\/\/fau.unt.edu.ar\/fau\/wp-json\/wp\/v2\/posts\/1138\/revisions"}],"predecessor-version":[{"id":1139,"href":"https:\/\/fau.unt.edu.ar\/fau\/wp-json\/wp\/v2\/posts\/1138\/revisions\/1139"}],"wp:featuredmedia":[{"embeddable":true,"href":"https:\/\/fau.unt.edu.ar\/fau\/wp-json\/wp\/v2\/media\/1142"}],"wp:attachment":[{"href":"https:\/\/fau.unt.edu.ar\/fau\/wp-json\/wp\/v2\/media?parent=1138"}],"wp:term":[{"taxonomy":"category","embeddable":true,"href":"https:\/\/fau.unt.edu.ar\/fau\/wp-json\/wp\/v2\/categories?post=1138"},{"taxonomy":"post_tag","embeddable":true,"href":"https:\/\/fau.unt.edu.ar\/fau\/wp-json\/wp\/v2\/tags?post=1138"}],"curies":[{"name":"wp","href":"https:\/\/api.w.org\/{rel}","templated":true}]}}