{"id":1129,"date":"2025-08-12T22:39:31","date_gmt":"2025-08-13T01:39:31","guid":{"rendered":"https:\/\/fau.unt.edu.ar\/fau\/?p=1129"},"modified":"2025-10-15T11:03:12","modified_gmt":"2025-10-15T14:03:12","slug":"carrera-de-arquitectura-y-urbanismo","status":"publish","type":"post","link":"https:\/\/fau.unt.edu.ar\/fau\/carrera-de-arquitectura-y-urbanismo\/","title":{"rendered":"Carrera de Arquitectura y Urbanismo"},"content":{"rendered":"<p>La carrera de grado est\u00e1 destinada a la formaci\u00f3n de Arquitectos. Los ejes estrat\u00e9gicos para su dise\u00f1o e implementaci\u00f3n representan un proyecto construido y optimizado en forma continua mediante consensos; ello permite avanzar en la resoluci\u00f3n de los problemas planteados en peri\u00f3dicas evaluaciones.<\/p>\n<p>Actualmente coexisten dos planes de estudios: Plan 1979\/3 y\u00a0 Plan 2008.<\/p>\n<p>La carrera tuvo su \u00faltima acreditaci\u00f3n por CONEAU en el a\u00f1o 2016 y lo hizo por 6 a\u00f1os.<\/p>\n<h5><strong>Plan 2008<\/strong><\/h5>\n<p>Para descargar el Plan en formato PDF | <a href=\"https:\/\/fau.unt.edu.ar\/fau\/wp-content\/uploads\/2025\/08\/plan2008.pdf\">Descargar<\/a><\/p>\n<h5>D\u00edptico Arquitectura 2026<\/h5>\n<p>DipticoFAU ARQ 2026 | <a href=\"https:\/\/fau.unt.edu.ar\/fau\/wp-content\/uploads\/2025\/08\/DipticoFAU-ARQ-2026.pdf\">Descargar<\/a><\/p>\n<p>&nbsp;<\/p>\n","protected":false},"excerpt":{"rendered":"<p>La carrera de grado est\u00e1 destinada a la formaci\u00f3n de Arquitectos. Los ejes estrat\u00e9gicos para su dise\u00f1o e implementaci\u00f3n representan un proyecto construido y optimizado en forma continua mediante consensos; ello permite avanzar en la resoluci\u00f3n de los problemas planteados en peri\u00f3dicas evaluaciones. Actualmente coexisten dos planes de estudios: Plan 1979\/3 y\u00a0 Plan 2008. La [&hellip;]<\/p>\n","protected":false},"author":2,"featured_media":0,"comment_status":"closed","ping_status":"open","sticky":false,"template":"","format":"standard","meta":{"_uag_custom_page_level_css":"","footnotes":""},"categories":[1],"tags":[],"class_list":["post-1129","post","type-post","status-publish","format-standard","hentry","category-sin-categoria"],"uagb_featured_image_src":{"full":false,"thumbnail":false,"medium":false,"medium_large":false,"large":false,"1536x1536":false,"2048x2048":false,"320w":false,"480w":false,"800w":false},"uagb_author_info":{"display_name":"c2860607","author_link":"https:\/\/fau.unt.edu.ar\/fau\/author\/c2860607\/"},"uagb_comment_info":0,"uagb_excerpt":"La carrera de grado est\u00e1 destinada a la formaci\u00f3n de Arquitectos. Los ejes estrat\u00e9gicos para su dise\u00f1o e implementaci\u00f3n representan un proyecto construido y optimizado en forma continua mediante consensos; ello permite avanzar en la resoluci\u00f3n de los problemas planteados en peri\u00f3dicas evaluaciones. Actualmente coexisten dos planes de estudios: Plan 1979\/3 y\u00a0 Plan 2008. La&hellip;","_links":{"self":[{"href":"https:\/\/fau.unt.edu.ar\/fau\/wp-json\/wp\/v2\/posts\/1129","targetHints":{"allow":["GET"]}}],"collection":[{"href":"https:\/\/fau.unt.edu.ar\/fau\/wp-json\/wp\/v2\/posts"}],"about":[{"href":"https:\/\/fau.unt.edu.ar\/fau\/wp-json\/wp\/v2\/types\/post"}],"author":[{"embeddable":true,"href":"https:\/\/fau.unt.edu.ar\/fau\/wp-json\/wp\/v2\/users\/2"}],"replies":[{"embeddable":true,"href":"https:\/\/fau.unt.edu.ar\/fau\/wp-json\/wp\/v2\/comments?post=1129"}],"version-history":[{"count":4,"href":"https:\/\/fau.unt.edu.ar\/fau\/wp-json\/wp\/v2\/posts\/1129\/revisions"}],"predecessor-version":[{"id":1928,"href":"https:\/\/fau.unt.edu.ar\/fau\/wp-json\/wp\/v2\/posts\/1129\/revisions\/1928"}],"wp:attachment":[{"href":"https:\/\/fau.unt.edu.ar\/fau\/wp-json\/wp\/v2\/media?parent=1129"}],"wp:term":[{"taxonomy":"category","embeddable":true,"href":"https:\/\/fau.unt.edu.ar\/fau\/wp-json\/wp\/v2\/categories?post=1129"},{"taxonomy":"post_tag","embeddable":true,"href":"https:\/\/fau.unt.edu.ar\/fau\/wp-json\/wp\/v2\/tags?post=1129"}],"curies":[{"name":"wp","href":"https:\/\/api.w.org\/{rel}","templated":true}]}}